{"id":49100,"date":"2024-01-04T12:31:40","date_gmt":"2024-01-04T18:31:40","guid":{"rendered":"https:\/\/encuentroinformativo.com.mx\/?p=49100"},"modified":"2024-01-04T12:31:46","modified_gmt":"2024-01-04T18:31:46","slug":"veracruz-retardo-la-generacion-de-empleos-pepe-yunes","status":"publish","type":"post","link":"https:\/\/encuentroinformativo.com.mx\/?p=49100","title":{"rendered":"Veracruz retard\u00f3 la generaci\u00f3n de empleos: Pepe Yunes"},"content":{"rendered":"\n<p><strong>Alejandro \u00c1vila<\/strong><\/p>\n\n\n\n<p>Veracruz, Ver.- El precandidato de la alianza &#8220;Fuerza y Coraz\u00f3n por Veracruz&#8221;, Jos\u00e9 Francisco Yunes Zorrilla, subray\u00f3 que lamentablemente Veracruz, fue uno de los dos estados en la Rep\u00fablica Mexicana que m\u00e1s retard\u00f3 la generaci\u00f3n de empleos una vez pasada la pandemia.<\/p>\n\n\n\n<p>Expuso que gran parte de esta situaci\u00f3n, es el nulo inter\u00e9s que tiene el Gobierno Federal en la entidad veracruzana; aunado a ello, se sumaron las deficiencias pol\u00edticas p\u00fablicas ejecutadas por el gobierno de, Cuitl\u00e1huac Garc\u00eda Jim\u00e9nez.<\/p>\n\n\n\n<p>&#8220;Veracruz no est\u00e1 en prioridad del Gobierno Federal, por lo menos en materia presupuestal, y las condiciones econ\u00f3micas del Estado de Veracruz no son las que merecemos los veracruzanos, hay todav\u00eda es casa formaci\u00f3n de empleos formal, apenas est\u00e1n alcanzando los niveles que se ten\u00edan a la pre pandemia. El estado, uno de los dos estados que m\u00e1s retard\u00f3 la generaci\u00f3n de empleos, y es eso, la generaci\u00f3n de empleos lo que genera calidad de vida, y adem\u00e1s condiciones de superar rezago y pobreza&#8221;, declar\u00f3.<\/p>\n\n\n\n<p>El priista perote\u00f1o sostuvo una reuni\u00f3n la ma\u00f1ana de este jueves con los agremiados de la C\u00e1mara Nacional de Comercio (CANACO) delegaci\u00f3n Veracruz, quienes reprocharon al pre candidato, las pocas o nulas estrategias de la Secretar\u00eda de Desarrollo Econ\u00f3mico y Portuario (SEDECOP) del Estado de Veracruz, para impulsar la actividad productiva en la entidad veracruzana.<\/p>\n\n\n\n<p>&#8220;Se necesita un gobierno que tenga muy claro cual es la visi\u00f3n, y que tenga tambi\u00e9n en esa realidad, la importancia de lo que significa el aparato productivo de la entidad, que en Veracruz est\u00e1 en cualquiera de sus niveles, total y completamente abandonados (\u2026) no hay promoci\u00f3n, un lugar como Veracruz, y sobre todo para los que est\u00e1n vinculados a los servicios tur\u00edsticos y comerciales, no tienen un apoyo decisivo para esa actividad, es inercial&#8221;, sentenci\u00f3.<\/p>\n","protected":false},"excerpt":{"rendered":"<p>Alejandro \u00c1vila Veracruz, Ver.- El precandidato de la alianza &#8220;Fuerza y Coraz\u00f3n por Veracruz&#8221;, Jos\u00e9 Francisco Yunes Zorrilla, subray\u00f3 que lamentablemente Veracruz, fue uno de los dos estados en la Rep\u00fablica Mexicana que m\u00e1s retard\u00f3 la generaci\u00f3n de empleos una vez pasada la pandemia. Expuso que gran parte de esta situaci\u00f3n, es el nulo inter\u00e9s [&hellip;]<\/p>\n","protected":false},"author":2476,"featured_media":49101,"comment_status":"open","ping_status":"open","sticky":false,"template":"","format":"standard","meta":{"_jetpack_memberships_contains_paid_content":false,"footnotes":""},"categories":[2],"tags":[],"class_list":["post-49100","post","type-post","status-publish","format-standard","has-post-thumbnail","hentry","category-estado"],"jetpack_featured_media_url":"https:\/\/encuentroinformativo.com.mx\/wp-content\/uploads\/2024\/01\/IMG-20240104-WA0011.jpg","jetpack_sharing_enabled":true,"jetpack_likes_enabled":true,"amp_enabled":true,"_links":{"self":[{"href":"https:\/\/encuentroinformativo.com.mx\/index.php?rest_route=\/wp\/v2\/posts\/49100","targetHints":{"allow":["GET"]}}],"collection":[{"href":"https:\/\/encuentroinformativo.com.mx\/index.php?rest_route=\/wp\/v2\/posts"}],"about":[{"href":"https:\/\/encuentroinformativo.com.mx\/index.php?rest_route=\/wp\/v2\/types\/post"}],"author":[{"embeddable":true,"href":"https:\/\/encuentroinformativo.com.mx\/index.php?rest_route=\/wp\/v2\/users\/2476"}],"replies":[{"embeddable":true,"href":"https:\/\/encuentroinformativo.com.mx\/index.php?rest_route=%2Fwp%2Fv2%2Fcomments&post=49100"}],"version-history":[{"count":1,"href":"https:\/\/encuentroinformativo.com.mx\/index.php?rest_route=\/wp\/v2\/posts\/49100\/revisions"}],"predecessor-version":[{"id":49102,"href":"https:\/\/encuentroinformativo.com.mx\/index.php?rest_route=\/wp\/v2\/posts\/49100\/revisions\/49102"}],"wp:featuredmedia":[{"embeddable":true,"href":"https:\/\/encuentroinformativo.com.mx\/index.php?rest_route=\/wp\/v2\/media\/49101"}],"wp:attachment":[{"href":"https:\/\/encuentroinformativo.com.mx\/index.php?rest_route=%2Fwp%2Fv2%2Fmedia&parent=49100"}],"wp:term":[{"taxonomy":"category","embeddable":true,"href":"https:\/\/encuentroinformativo.com.mx\/index.php?rest_route=%2Fwp%2Fv2%2Fcategories&post=49100"},{"taxonomy":"post_tag","embeddable":true,"href":"https:\/\/encuentroinformativo.com.mx\/index.php?rest_route=%2Fwp%2Fv2%2Ftags&post=49100"}],"curies":[{"name":"wp","href":"https:\/\/api.w.org\/{rel}","templated":true}]}}