{"id":49103,"date":"2024-01-04T12:37:00","date_gmt":"2024-01-04T18:37:00","guid":{"rendered":"https:\/\/encuentroinformativo.com.mx\/?p=49103"},"modified":"2024-01-04T12:37:05","modified_gmt":"2024-01-04T18:37:05","slug":"canaco-veracruz-reporta-menor-porcentaje-de-ventas-al-cierre-del-2023","status":"publish","type":"post","link":"https:\/\/encuentroinformativo.com.mx\/?p=49103","title":{"rendered":"Canaco Veracruz reporta menor porcentaje de ventas al cierre del 2023"},"content":{"rendered":"\n<p><strong>Alejandro \u00c1vila<\/strong><\/p>\n\n\n\n<p>Veracruz, Ver.- El presidente de la C\u00e1mara Nacional de Comercio (CANACO) delegaci\u00f3n Veracruz, Edi Alberto Mart\u00ednez Tejeda, reconoci\u00f3 que hubo una disminuci\u00f3n en el porcentaje de ventas al cierre del 2023 en comparaci\u00f3n al a\u00f1o anterior.<\/p>\n\n\n\n<p>A diferencia del total de ventas del 2022, al d\u00eda de hoy, se estima que hubo una disminuci\u00f3n de aproximadamente el 10 por ciento; aunque el empresario reconoci\u00f3 que, a\u00fan resta terminar los porcentajes totales, y estos se dan pasando el D\u00eda de Reyes.<\/p>\n\n\n\n<p>&#8220;Hubo muchos factores, uno de ellos la inflaci\u00f3n, que creo que tambi\u00e9n puede impactar, otro pudiera ser de que la gente aprovech\u00f3 m\u00e1s El Buen Fin, porque vemos que El Buen Fin se increment\u00f3, entonces pudiera ser por ah\u00ed la respuesta (\u2026) hay que ver, es un a\u00f1o electoral y siempre los a\u00f1os electorales son complicados, a m\u00ed me gustar\u00eda ser optimista pero vamos a esperar, yo les dir\u00eda que esperamos que sea un buen a\u00f1o, pero ya por experiencia cuando son a\u00f1os electorales pues obviamente la econom\u00eda se contrae un poco&#8221;, agreg\u00f3.<\/p>\n\n\n\n<p>En otro tema y para finalizar, dijo que el aumento al salario m\u00ednimo podr\u00eda traer en ciertas empresas la reducci\u00f3n de la plantilla laboral.<\/p>\n","protected":false},"excerpt":{"rendered":"<p>Alejandro \u00c1vila Veracruz, Ver.- El presidente de la C\u00e1mara Nacional de Comercio (CANACO) delegaci\u00f3n Veracruz, Edi Alberto Mart\u00ednez Tejeda, reconoci\u00f3 que hubo una disminuci\u00f3n en el porcentaje de ventas al cierre del 2023 en comparaci\u00f3n al a\u00f1o anterior. A diferencia del total de ventas del 2022, al d\u00eda de hoy, se estima que hubo una [&hellip;]<\/p>\n","protected":false},"author":2476,"featured_media":49104,"comment_status":"open","ping_status":"open","sticky":false,"template":"","format":"standard","meta":{"_jetpack_memberships_contains_paid_content":false,"footnotes":""},"categories":[2],"tags":[],"class_list":["post-49103","post","type-post","status-publish","format-standard","has-post-thumbnail","hentry","category-estado"],"jetpack_featured_media_url":"https:\/\/encuentroinformativo.com.mx\/wp-content\/uploads\/2024\/01\/IMG-20240104-WA0023.jpg","jetpack_sharing_enabled":true,"jetpack_likes_enabled":true,"amp_enabled":true,"_links":{"self":[{"href":"https:\/\/encuentroinformativo.com.mx\/index.php?rest_route=\/wp\/v2\/posts\/49103","targetHints":{"allow":["GET"]}}],"collection":[{"href":"https:\/\/encuentroinformativo.com.mx\/index.php?rest_route=\/wp\/v2\/posts"}],"about":[{"href":"https:\/\/encuentroinformativo.com.mx\/index.php?rest_route=\/wp\/v2\/types\/post"}],"author":[{"embeddable":true,"href":"https:\/\/encuentroinformativo.com.mx\/index.php?rest_route=\/wp\/v2\/users\/2476"}],"replies":[{"embeddable":true,"href":"https:\/\/encuentroinformativo.com.mx\/index.php?rest_route=%2Fwp%2Fv2%2Fcomments&post=49103"}],"version-history":[{"count":1,"href":"https:\/\/encuentroinformativo.com.mx\/index.php?rest_route=\/wp\/v2\/posts\/49103\/revisions"}],"predecessor-version":[{"id":49105,"href":"https:\/\/encuentroinformativo.com.mx\/index.php?rest_route=\/wp\/v2\/posts\/49103\/revisions\/49105"}],"wp:featuredmedia":[{"embeddable":true,"href":"https:\/\/encuentroinformativo.com.mx\/index.php?rest_route=\/wp\/v2\/media\/49104"}],"wp:attachment":[{"href":"https:\/\/encuentroinformativo.com.mx\/index.php?rest_route=%2Fwp%2Fv2%2Fmedia&parent=49103"}],"wp:term":[{"taxonomy":"category","embeddable":true,"href":"https:\/\/encuentroinformativo.com.mx\/index.php?rest_route=%2Fwp%2Fv2%2Fcategories&post=49103"},{"taxonomy":"post_tag","embeddable":true,"href":"https:\/\/encuentroinformativo.com.mx\/index.php?rest_route=%2Fwp%2Fv2%2Ftags&post=49103"}],"curies":[{"name":"wp","href":"https:\/\/api.w.org\/{rel}","templated":true}]}}