{"id":49116,"date":"2024-01-04T13:26:50","date_gmt":"2024-01-04T19:26:50","guid":{"rendered":"https:\/\/encuentroinformativo.com.mx\/?p=49116"},"modified":"2024-01-04T13:26:56","modified_gmt":"2024-01-04T19:26:56","slug":"se-unen-religiosos-en-jornada-de-oracion-por-la-paz-en-la-zona-norte-de-veracruz","status":"publish","type":"post","link":"https:\/\/encuentroinformativo.com.mx\/?p=49116","title":{"rendered":"Se unen religiosos en jornada de oraci\u00f3n por la paz en la zona norte de Veracruz"},"content":{"rendered":"\n<p><strong>Juan Arcos <\/strong><\/p>\n\n\n\n<p>Xalapa, Ver.- Un grupo de pastores se organiz\u00f3 para orar por la paz en las entradas y salidas de la ciudad petrolera de Poza Rica, ubicada en la zona norte de Veracruz, considerada un foco rojo por los constantes hechos de violencia registrados durante el 2023.<\/p>\n\n\n\n<p>Se habla de que el 2023 fue uno de los \u00faltimos cinco a\u00f1os m\u00e1s violentos, pues ocurrieron masacres desde su inicio.<\/p>\n\n\n\n<p>Durante el primer d\u00eda del a\u00f1o anterior fueron ejecutadas ocho personas al interior de tres bares, lo que gener\u00f3 una gran movilizaci\u00f3n policiaca en toda la regi\u00f3n, pues Poza Rica colinda con otros municipios como Papantla, Tihuatl\u00e1n y Coatzintla.<\/p>\n\n\n\n<p>Por este escenario violento, los religiosos se se unieron para iniciar una jornada de oraciones a favor de la paz y la tranquilidad de los pobladores.<br>Se trata de integrantes de la Alianza de Pastores de Poza Rica, quienes desde el pasado martes 19 de diciembre iniciaron esta jornada de oraci\u00f3n, que contin\u00faa en la actualidad.<\/p>\n\n\n\n<p>A trav\u00e9s de sus redes sociales, publicaron las fotograf\u00edas de los lugares a los que acudieron para llevar el mensaje de paz.<\/p>\n\n\n\n<p>&#8220;Orando en las entradas y accesos de Poza Rica, para que Dios manifieste a\u00fan m\u00e1s su gloria en esta ciudad. \u00a1Gracias a nuestro Se\u00f1or por los pastores y dem\u00e1s hermanos presentes en este mover espiritual!\u201d, postearon los pastores.<\/p>\n\n\n\n<p>Cabe recordar que en Poza Rica han predominado tambi\u00e9n las desapariciones forzadas y entre el s\u00e1bado 12 y domingo 13 de agosto fueron hallados los restos humanos de 13 personas al interior de congeladores.<\/p>\n\n\n\n<p>Este lamentable hecho fue nota nacional e internacional, pues evidenci\u00f3 el grave problema de inseguridad que prevalece en la zona norte de Veracruz.<\/p>\n","protected":false},"excerpt":{"rendered":"<p>Juan Arcos Xalapa, Ver.- Un grupo de pastores se organiz\u00f3 para orar por la paz en las entradas y salidas de la ciudad petrolera de Poza Rica, ubicada en la zona norte de Veracruz, considerada un foco rojo por los constantes hechos de violencia registrados durante el 2023. Se habla de que el 2023 fue [&hellip;]<\/p>\n","protected":false},"author":2476,"featured_media":49117,"comment_status":"open","ping_status":"open","sticky":false,"template":"","format":"standard","meta":{"_jetpack_memberships_contains_paid_content":false,"footnotes":""},"categories":[2],"tags":[],"class_list":["post-49116","post","type-post","status-publish","format-standard","has-post-thumbnail","hentry","category-estado"],"jetpack_featured_media_url":"https:\/\/encuentroinformativo.com.mx\/wp-content\/uploads\/2024\/01\/IMG_5116.jpg","jetpack_sharing_enabled":true,"jetpack_likes_enabled":true,"amp_enabled":true,"_links":{"self":[{"href":"https:\/\/encuentroinformativo.com.mx\/index.php?rest_route=\/wp\/v2\/posts\/49116","targetHints":{"allow":["GET"]}}],"collection":[{"href":"https:\/\/encuentroinformativo.com.mx\/index.php?rest_route=\/wp\/v2\/posts"}],"about":[{"href":"https:\/\/encuentroinformativo.com.mx\/index.php?rest_route=\/wp\/v2\/types\/post"}],"author":[{"embeddable":true,"href":"https:\/\/encuentroinformativo.com.mx\/index.php?rest_route=\/wp\/v2\/users\/2476"}],"replies":[{"embeddable":true,"href":"https:\/\/encuentroinformativo.com.mx\/index.php?rest_route=%2Fwp%2Fv2%2Fcomments&post=49116"}],"version-history":[{"count":1,"href":"https:\/\/encuentroinformativo.com.mx\/index.php?rest_route=\/wp\/v2\/posts\/49116\/revisions"}],"predecessor-version":[{"id":49118,"href":"https:\/\/encuentroinformativo.com.mx\/index.php?rest_route=\/wp\/v2\/posts\/49116\/revisions\/49118"}],"wp:featuredmedia":[{"embeddable":true,"href":"https:\/\/encuentroinformativo.com.mx\/index.php?rest_route=\/wp\/v2\/media\/49117"}],"wp:attachment":[{"href":"https:\/\/encuentroinformativo.com.mx\/index.php?rest_route=%2Fwp%2Fv2%2Fmedia&parent=49116"}],"wp:term":[{"taxonomy":"category","embeddable":true,"href":"https:\/\/encuentroinformativo.com.mx\/index.php?rest_route=%2Fwp%2Fv2%2Fcategories&post=49116"},{"taxonomy":"post_tag","embeddable":true,"href":"https:\/\/encuentroinformativo.com.mx\/index.php?rest_route=%2Fwp%2Fv2%2Ftags&post=49116"}],"curies":[{"name":"wp","href":"https:\/\/api.w.org\/{rel}","templated":true}]}}