{"id":49122,"date":"2024-01-04T17:01:24","date_gmt":"2024-01-04T23:01:24","guid":{"rendered":"https:\/\/encuentroinformativo.com.mx\/?p=49122"},"modified":"2024-01-04T17:01:28","modified_gmt":"2024-01-04T23:01:28","slug":"lista-la-logistica-del-medio-maraton-de-veracruz-2024","status":"publish","type":"post","link":"https:\/\/encuentroinformativo.com.mx\/?p=49122","title":{"rendered":"Lista la log\u00edstica del Medio Marat\u00f3n de Veracruz 2024"},"content":{"rendered":"\n<p><strong>Alejandro \u00c1vila<\/strong><\/p>\n\n\n\n<p>Veracruz, Ver.- La log\u00edstica del Medio Marat\u00f3n del Puerto de Veracruz 2024 se encuentra totalmente lista, esta actividad que generar\u00e1 gran derrama econ\u00f3mica ser\u00e1 el primer gran evento deportivo del a\u00f1o, y en el cual se espera la participaci\u00f3n de 4 mil atletas nacionales e internacionales.<\/p>\n\n\n\n<p>La edici\u00f3n d\u00e9cimo octava de esta competici\u00f3n de resistencia, se llevar\u00e1 a cabo el pr\u00f3ximo 21 de enero sobre el bulevar Manuel \u00c1vila Camacho, m\u00faltiples participantes utilizan esta carrera para entrar en forma tras las fiestas decembrinas y las carreras internacionales que se aproximan.<\/p>\n\n\n\n<p>As\u00ed lo expres\u00f3 el coordinador general del Comit\u00e9 Organizador, Rodolfo Vel\u00e1squez Pacheco, quien resalt\u00f3 su importancia al tener la participaci\u00f3n de atletas reconocidos y sociedad civil, quienes disfrutan del paisaje al lado del mar que el recorrido ofrece.<\/p>\n\n\n\n<p>\u201cLa mayor\u00eda del recorrido es con vista al mar, este es un medio marat\u00f3n con ruta plana y pocas vueltas, lo cual es ideal para debutar en la distancia o interponer tu r\u00e9cord personal, adem\u00e1s de que algunos participantes organizan un viaje para tomar d\u00edas extras de descanso, por eso esperamos una derrama (econ\u00f3mica) de casi 40 millones\u201d.&nbsp;<\/p>\n\n\n\n<p>Explic\u00f3 que el recorrido comprende 21 kil\u00f3metros entre los municipios de Boca del R\u00edo y Veracruz, partiendo del Bulevar M. \u00c1vila Camacho casi esquina Costa Verde, para concluir en la pista de atletismo de la Facultad de Educaci\u00f3n F\u00edsica de la UV.<\/p>\n\n\n\n<p>Coment\u00f3 que est\u00e1 asegurada una bolsa&nbsp; total en premios de 360 mil pesos entre todas las categor\u00edas, por lo que invit\u00f3 a todo los \u201crunners\u201d aprovechar los \u00faltimos d\u00edas de inscripci\u00f3n a trav\u00e9s del portal&nbsp;www.mediomaratonpuertodeveracruz.com<\/p>\n\n\n\n<p>Record\u00f3 que en esta edici\u00f3n n\u00famero dieciocho del Medio Marat\u00f3n Puerto de Veracruz 2024, tanto la medalla como la playera est\u00e1n inspiradas en el Barrio de la Huaca, un lugar emblem\u00e1tico de la ciudad.<\/p>\n","protected":false},"excerpt":{"rendered":"<p>Alejandro \u00c1vila Veracruz, Ver.- La log\u00edstica del Medio Marat\u00f3n del Puerto de Veracruz 2024 se encuentra totalmente lista, esta actividad que generar\u00e1 gran derrama econ\u00f3mica ser\u00e1 el primer gran evento deportivo del a\u00f1o, y en el cual se espera la participaci\u00f3n de 4 mil atletas nacionales e internacionales. La edici\u00f3n d\u00e9cimo octava de esta competici\u00f3n [&hellip;]<\/p>\n","protected":false},"author":2476,"featured_media":49123,"comment_status":"open","ping_status":"open","sticky":false,"template":"","format":"standard","meta":{"_jetpack_memberships_contains_paid_content":false,"footnotes":""},"categories":[2],"tags":[],"class_list":["post-49122","post","type-post","status-publish","format-standard","has-post-thumbnail","hentry","category-estado"],"jetpack_featured_media_url":"https:\/\/encuentroinformativo.com.mx\/wp-content\/uploads\/2024\/01\/IMG-20240104-WA0046.jpg","jetpack_sharing_enabled":true,"jetpack_likes_enabled":true,"amp_enabled":true,"_links":{"self":[{"href":"https:\/\/encuentroinformativo.com.mx\/index.php?rest_route=\/wp\/v2\/posts\/49122","targetHints":{"allow":["GET"]}}],"collection":[{"href":"https:\/\/encuentroinformativo.com.mx\/index.php?rest_route=\/wp\/v2\/posts"}],"about":[{"href":"https:\/\/encuentroinformativo.com.mx\/index.php?rest_route=\/wp\/v2\/types\/post"}],"author":[{"embeddable":true,"href":"https:\/\/encuentroinformativo.com.mx\/index.php?rest_route=\/wp\/v2\/users\/2476"}],"replies":[{"embeddable":true,"href":"https:\/\/encuentroinformativo.com.mx\/index.php?rest_route=%2Fwp%2Fv2%2Fcomments&post=49122"}],"version-history":[{"count":1,"href":"https:\/\/encuentroinformativo.com.mx\/index.php?rest_route=\/wp\/v2\/posts\/49122\/revisions"}],"predecessor-version":[{"id":49124,"href":"https:\/\/encuentroinformativo.com.mx\/index.php?rest_route=\/wp\/v2\/posts\/49122\/revisions\/49124"}],"wp:featuredmedia":[{"embeddable":true,"href":"https:\/\/encuentroinformativo.com.mx\/index.php?rest_route=\/wp\/v2\/media\/49123"}],"wp:attachment":[{"href":"https:\/\/encuentroinformativo.com.mx\/index.php?rest_route=%2Fwp%2Fv2%2Fmedia&parent=49122"}],"wp:term":[{"taxonomy":"category","embeddable":true,"href":"https:\/\/encuentroinformativo.com.mx\/index.php?rest_route=%2Fwp%2Fv2%2Fcategories&post=49122"},{"taxonomy":"post_tag","embeddable":true,"href":"https:\/\/encuentroinformativo.com.mx\/index.php?rest_route=%2Fwp%2Fv2%2Ftags&post=49122"}],"curies":[{"name":"wp","href":"https:\/\/api.w.org\/{rel}","templated":true}]}}