{"id":49125,"date":"2024-01-04T17:06:39","date_gmt":"2024-01-04T23:06:39","guid":{"rendered":"https:\/\/encuentroinformativo.com.mx\/?p=49125"},"modified":"2024-01-04T17:06:46","modified_gmt":"2024-01-04T23:06:46","slug":"abarrotan-evento-de-nahle-en-purga","status":"publish","type":"post","link":"https:\/\/encuentroinformativo.com.mx\/?p=49125","title":{"rendered":"Abarrotan evento de Nahle en Purga"},"content":{"rendered":"\n<p><strong>Alejandro \u00c1vila<\/strong><\/p>\n\n\n\n<p>Manlio Fabio Altamirano, Ver.- El evento de la precandidata \u00fanica de Morena en Veracruz, Roc\u00edo Nahle Garc\u00eda, fue abarrotado totalmente en el municipio de Mario Fabio Altamirano por simpatizantes de la Cuarta Transformaci\u00f3n.<\/p>\n\n\n\n<p>Previo al evento se realiz\u00f3 una multitudinaria marcha organizada por el diputado local, Magdaleno Rosales Torres oriundo de dicho municipio.<\/p>\n\n\n\n<p>&#8220;Mucha gente particip\u00f3, nosotros tuvimos el gusto de hacer una caravana donde caminamos en apoyo a nuestra compa\u00f1era Roc\u00edo Nahle Garc\u00eda, y al final nos encontramos con ella cuando iba llegando al auditorio y camin\u00f3 con nosotros unos 50 metros, camino con la gente hacia la entrada del auditorio, estaba lleno pr\u00e1cticamente y mucha gente ya no pudo entrar porque estaba el auditorio lleno. Muy contentos por la visita de la compa\u00f1era Roc\u00edo, al final cuando la salud\u00e9 me felicit\u00f3 por el recibimiento, y cuando se fue logr\u00e9 despedirme y me dijo, gracias Maleno, gracias por todo el apoyo y por tu recibimiento&#8221;, mencion\u00f3 el pol\u00edtico morenista.<\/p>\n\n\n\n<p>Dicho evento, se\u00f1al\u00f3 el legislador, fue una presentaci\u00f3n de la precandidata \u00fanica a la Coordinaci\u00f3n de la Defensa de la Cuarta Transformaci\u00f3n en Veracruz, quien conoci\u00f3 a la estructura del municipio de Manlio Fabio Altamirano, misma que trabajar\u00e1 en su favor para lograr la gubernatura el pr\u00f3ximo 2 de junio.<\/p>\n\n\n\n<p>&#8220;Fue un evento muy bonito a pesar del d\u00eda y de que fue muy temprano, fue un evento muy afluido con mucha gente, la marcha tambi\u00e9n fue un \u00e9xito, la marcha que hicimos con gente de Purga, y ella ahorita no puedo decir propuestas porque el INE se lo proh\u00edbe, pero se present\u00f3 como precandidata \u00fanica a ser candidata a gobernadora por este gran estado de Veracruz&#8221;, dijo Magdaleno Rosales.<\/p>\n","protected":false},"excerpt":{"rendered":"<p>Alejandro \u00c1vila Manlio Fabio Altamirano, Ver.- El evento de la precandidata \u00fanica de Morena en Veracruz, Roc\u00edo Nahle Garc\u00eda, fue abarrotado totalmente en el municipio de Mario Fabio Altamirano por simpatizantes de la Cuarta Transformaci\u00f3n. Previo al evento se realiz\u00f3 una multitudinaria marcha organizada por el diputado local, Magdaleno Rosales Torres oriundo de dicho municipio. [&hellip;]<\/p>\n","protected":false},"author":2476,"featured_media":49126,"comment_status":"open","ping_status":"open","sticky":false,"template":"","format":"standard","meta":{"_jetpack_memberships_contains_paid_content":false,"footnotes":""},"categories":[2],"tags":[],"class_list":["post-49125","post","type-post","status-publish","format-standard","has-post-thumbnail","hentry","category-estado"],"jetpack_featured_media_url":"https:\/\/encuentroinformativo.com.mx\/wp-content\/uploads\/2024\/01\/IMG-20240104-WA0050.jpg","jetpack_sharing_enabled":true,"jetpack_likes_enabled":true,"amp_enabled":true,"_links":{"self":[{"href":"https:\/\/encuentroinformativo.com.mx\/index.php?rest_route=\/wp\/v2\/posts\/49125","targetHints":{"allow":["GET"]}}],"collection":[{"href":"https:\/\/encuentroinformativo.com.mx\/index.php?rest_route=\/wp\/v2\/posts"}],"about":[{"href":"https:\/\/encuentroinformativo.com.mx\/index.php?rest_route=\/wp\/v2\/types\/post"}],"author":[{"embeddable":true,"href":"https:\/\/encuentroinformativo.com.mx\/index.php?rest_route=\/wp\/v2\/users\/2476"}],"replies":[{"embeddable":true,"href":"https:\/\/encuentroinformativo.com.mx\/index.php?rest_route=%2Fwp%2Fv2%2Fcomments&post=49125"}],"version-history":[{"count":1,"href":"https:\/\/encuentroinformativo.com.mx\/index.php?rest_route=\/wp\/v2\/posts\/49125\/revisions"}],"predecessor-version":[{"id":49127,"href":"https:\/\/encuentroinformativo.com.mx\/index.php?rest_route=\/wp\/v2\/posts\/49125\/revisions\/49127"}],"wp:featuredmedia":[{"embeddable":true,"href":"https:\/\/encuentroinformativo.com.mx\/index.php?rest_route=\/wp\/v2\/media\/49126"}],"wp:attachment":[{"href":"https:\/\/encuentroinformativo.com.mx\/index.php?rest_route=%2Fwp%2Fv2%2Fmedia&parent=49125"}],"wp:term":[{"taxonomy":"category","embeddable":true,"href":"https:\/\/encuentroinformativo.com.mx\/index.php?rest_route=%2Fwp%2Fv2%2Fcategories&post=49125"},{"taxonomy":"post_tag","embeddable":true,"href":"https:\/\/encuentroinformativo.com.mx\/index.php?rest_route=%2Fwp%2Fv2%2Ftags&post=49125"}],"curies":[{"name":"wp","href":"https:\/\/api.w.org\/{rel}","templated":true}]}}