{"id":49136,"date":"2024-01-05T11:49:44","date_gmt":"2024-01-05T17:49:44","guid":{"rendered":"https:\/\/encuentroinformativo.com.mx\/?p=49136"},"modified":"2024-01-05T11:49:49","modified_gmt":"2024-01-05T17:49:49","slug":"exhorta-alcalde-para-no-pagar-agua-a-grupo-mas","status":"publish","type":"post","link":"https:\/\/encuentroinformativo.com.mx\/?p=49136","title":{"rendered":"Exhorta alcalde para no pagar agua a Grupo MAS"},"content":{"rendered":"\n<p><strong>Alejandro \u00c1vila<\/strong><\/p>\n\n\n\n<p>Medell\u00edn de Bravo, Ver.- Debido a que la empresa privada, Grupo MAS no est\u00e1 respetando el pago de 23 pesos mensuales que recientemente aprob\u00f3 el Cabildo de Medell\u00edn de Bravo, el alcalde, Marcos Isle\u00f1o Andrade, exhort\u00f3 a los ciudadanos a que dejen de pagar el servicio de agua potable.<\/p>\n\n\n\n<p>Como ya es del conocimiento p\u00fablico, el pasado 29 de diciembre, en uso de sus facultades legales, el Cabildo de Medell\u00edn aprob\u00f3 por unanimidad reducir a 23 pesos mensuales el servicio de agua para los usuarios que atiende exclusivamente Grupo M\u00c1S, esto ante la nula inversi\u00f3n y los abusos de la mencionada empresa.<\/p>\n\n\n\n<p>\u201cNosotros tenemos la autoridad legal para bajar las tarifas y la empresa est\u00e1 obligada a respetar la reducci\u00f3n que en d\u00edas pasados aprobamos en sesi\u00f3n de Cabildo. Pero tambi\u00e9n sab\u00edamos que Grupo MAS no iba a estar de acuerdo\u201d, expres\u00f3 el presidente municipal.<\/p>\n\n\n\n<p>En ese sentido, Isle\u00f1o Andrade inst\u00f3 a los usuarios a no pagar el servicio y a denunciar a Grupo M\u00c1S ante la autoridad municipal en caso de que arbitrariamente intenten cortar el suministro de agua a los ciudadanos.<\/p>\n\n\n\n<p>\u201cEste es un llamado solidario para todos aquellos que tienen el servicio de agua potable con Grupo MAS y les est\u00e1n cobrando una tarifa no autorizada y bastante elevada. El llamado es no pagar hasta que bajen las tarifas de agua o hasta que el Congreso del Estado apruebe la propuesta de revocaci\u00f3n del contrato enviada y aprobada por el Cabildo en meses pasados\u201d, dijo.<\/p>\n\n\n\n<p>En ese sentido, exhort\u00f3 a la ciudadan\u00eda a reportar directamente a las oficinas del Ayuntamiento en caso de que Grupo M\u00c1S realice cortes de agua en las viviendas.<\/p>\n\n\n\n<p>O tambi\u00e9n pueden comunicarse a los n\u00fameros telef\u00f3nicos: 229 111 1018, 229 118 6366 y 229 450 1452.<\/p>\n\n\n\n<p>Para ello, dijo, su gobierno dispondr\u00e1 de una cuadrilla \u201canti corte\u201d para proteger a la ciudadan\u00eda de los abusos y atropellos de dicha empresa.<\/p>\n\n\n\n<p>Finalmente, el mun\u00edcipe exhort\u00f3 respetuosamente a los diputados locales a que den celeridad a la disoluci\u00f3n de la sociedad que desde el 2015 mantiene Grupo M\u00c1S con el Ayuntamiento medellinense, cuya propuesta fue aprobada por el Cabildo el pasado 28 de julio y enviada para su aprobaci\u00f3n a la actual Legislatura del Estado.<\/p>\n\n\n\n<p>La tarifa aplicada por la compa\u00f1\u00eda hasta el 2023 fue de 108 pesos mensuales, aproximadamente, contra 23 pesos fijos que por mandato de Cabildo deber\u00eda aplicar a partir de enero de 2024, significando una reducci\u00f3n del 76 por ciento para beneficio de los usuarios.<\/p>\n\n\n\n<p>En el caso del pago anual anticipado, el total a pagar aprobado por Cabildo es el siguiente: 331.20 para el p\u00fablico en general y 165.66 para adultos mayores, jubilados y pensionados.<\/p>\n","protected":false},"excerpt":{"rendered":"<p>Alejandro \u00c1vila Medell\u00edn de Bravo, Ver.- Debido a que la empresa privada, Grupo MAS no est\u00e1 respetando el pago de 23 pesos mensuales que recientemente aprob\u00f3 el Cabildo de Medell\u00edn de Bravo, el alcalde, Marcos Isle\u00f1o Andrade, exhort\u00f3 a los ciudadanos a que dejen de pagar el servicio de agua potable. Como ya es del [&hellip;]<\/p>\n","protected":false},"author":2476,"featured_media":49137,"comment_status":"open","ping_status":"open","sticky":false,"template":"","format":"standard","meta":{"_jetpack_memberships_contains_paid_content":false,"footnotes":""},"categories":[2],"tags":[],"class_list":["post-49136","post","type-post","status-publish","format-standard","has-post-thumbnail","hentry","category-estado"],"jetpack_featured_media_url":"https:\/\/encuentroinformativo.com.mx\/wp-content\/uploads\/2024\/01\/IMG-20240105-WA00092.jpg","jetpack_sharing_enabled":true,"jetpack_likes_enabled":true,"amp_enabled":true,"_links":{"self":[{"href":"https:\/\/encuentroinformativo.com.mx\/index.php?rest_route=\/wp\/v2\/posts\/49136","targetHints":{"allow":["GET"]}}],"collection":[{"href":"https:\/\/encuentroinformativo.com.mx\/index.php?rest_route=\/wp\/v2\/posts"}],"about":[{"href":"https:\/\/encuentroinformativo.com.mx\/index.php?rest_route=\/wp\/v2\/types\/post"}],"author":[{"embeddable":true,"href":"https:\/\/encuentroinformativo.com.mx\/index.php?rest_route=\/wp\/v2\/users\/2476"}],"replies":[{"embeddable":true,"href":"https:\/\/encuentroinformativo.com.mx\/index.php?rest_route=%2Fwp%2Fv2%2Fcomments&post=49136"}],"version-history":[{"count":1,"href":"https:\/\/encuentroinformativo.com.mx\/index.php?rest_route=\/wp\/v2\/posts\/49136\/revisions"}],"predecessor-version":[{"id":49138,"href":"https:\/\/encuentroinformativo.com.mx\/index.php?rest_route=\/wp\/v2\/posts\/49136\/revisions\/49138"}],"wp:featuredmedia":[{"embeddable":true,"href":"https:\/\/encuentroinformativo.com.mx\/index.php?rest_route=\/wp\/v2\/media\/49137"}],"wp:attachment":[{"href":"https:\/\/encuentroinformativo.com.mx\/index.php?rest_route=%2Fwp%2Fv2%2Fmedia&parent=49136"}],"wp:term":[{"taxonomy":"category","embeddable":true,"href":"https:\/\/encuentroinformativo.com.mx\/index.php?rest_route=%2Fwp%2Fv2%2Fcategories&post=49136"},{"taxonomy":"post_tag","embeddable":true,"href":"https:\/\/encuentroinformativo.com.mx\/index.php?rest_route=%2Fwp%2Fv2%2Ftags&post=49136"}],"curies":[{"name":"wp","href":"https:\/\/api.w.org\/{rel}","templated":true}]}}