{"id":49157,"date":"2024-01-05T15:42:37","date_gmt":"2024-01-05T21:42:37","guid":{"rendered":"https:\/\/encuentroinformativo.com.mx\/?p=49157"},"modified":"2024-01-05T15:42:42","modified_gmt":"2024-01-05T21:42:42","slug":"condenan-discurso-de-odio-hacia-comunidad-lgbtttiq","status":"publish","type":"post","link":"https:\/\/encuentroinformativo.com.mx\/?p=49157","title":{"rendered":"Condenan discurso de odio hacia comunidad LGBTTTIQ+"},"content":{"rendered":"\n<p><strong>Dar\u00edo Pale <\/strong><\/p>\n\n\n\n<p>Xalapa, Ver.- Condenan discurso de odio hacia comunidad LGBTTTIQ+, de Veracruz y exigen se aplique la ley, as\u00ed lo dio a conocer el presidente de la asociaci\u00f3n civil Orgullo Xalapa, Leonardo Ruiz Moreno.<\/p>\n\n\n\n<p>En entrevista, castig\u00f3 el discurso de odio hacia miembros de la comunidad LGBT y personas con VIH-SIDA que el exduartista y vocero de Cristian Camacho, &#8220;Pepin&#8221; Ruiz, emiti\u00f3 a trav\u00e9s de redes sociales.<\/p>\n\n\n\n<p>Record\u00f3 que ambos discriminaron, insultaron y fomentaron el odio hacia la comunidad LGBT y personas con VIH-SIDA, por lo que tal y como lo hizo la Alianza Nacional de Marchas LGBT+ de M\u00e9xico, exigi\u00f3 una disculpa y que se aplique todo el peso de la ley.<\/p>\n\n\n\n<p>Leonardo Ruiz explic\u00f3 que el empresario Ricardo Salinas Pliego tambi\u00e9n replic\u00f3 lo dicho por Cristian Camacho a trav\u00e9s de X, por lo que lament\u00f3 que con ello se fomente el odio y la discriminaci\u00f3n hacia las poblaciones diversas.<\/p>\n\n\n\n<p>&#8220;Estos son actos y discursos de odio que fomentan a que m\u00e1s personas sigan discriminando no solamente en el estado sino a nivel nacional, y estamos levantando la voz desde la Alianza y diferentes colectivos a nivel estatal&#8221;, se\u00f1al\u00f3.<\/p>\n\n\n\n<p>Finalmente, Leonardo Ruiz record\u00f3 que el estado de Veracruz concluy\u00f3 el 2023 con 26 cr\u00edmenes de odio, lo que hace a\u00fan m\u00e1s importante que se erradique el ataque, la discriminaci\u00f3n y el acoso hacia la poblaci\u00f3n.<\/p>\n","protected":false},"excerpt":{"rendered":"<p>Dar\u00edo Pale Xalapa, Ver.- Condenan discurso de odio hacia comunidad LGBTTTIQ+, de Veracruz y exigen se aplique la ley, as\u00ed lo dio a conocer el presidente de la asociaci\u00f3n civil Orgullo Xalapa, Leonardo Ruiz Moreno. En entrevista, castig\u00f3 el discurso de odio hacia miembros de la comunidad LGBT y personas con VIH-SIDA que el exduartista [&hellip;]<\/p>\n","protected":false},"author":2476,"featured_media":49158,"comment_status":"open","ping_status":"open","sticky":false,"template":"","format":"standard","meta":{"_jetpack_memberships_contains_paid_content":false,"footnotes":""},"categories":[2],"tags":[],"class_list":["post-49157","post","type-post","status-publish","format-standard","has-post-thumbnail","hentry","category-estado"],"jetpack_featured_media_url":"https:\/\/encuentroinformativo.com.mx\/wp-content\/uploads\/2024\/01\/IMG-20240105-WA0033.jpg","jetpack_sharing_enabled":true,"jetpack_likes_enabled":true,"amp_enabled":true,"_links":{"self":[{"href":"https:\/\/encuentroinformativo.com.mx\/index.php?rest_route=\/wp\/v2\/posts\/49157","targetHints":{"allow":["GET"]}}],"collection":[{"href":"https:\/\/encuentroinformativo.com.mx\/index.php?rest_route=\/wp\/v2\/posts"}],"about":[{"href":"https:\/\/encuentroinformativo.com.mx\/index.php?rest_route=\/wp\/v2\/types\/post"}],"author":[{"embeddable":true,"href":"https:\/\/encuentroinformativo.com.mx\/index.php?rest_route=\/wp\/v2\/users\/2476"}],"replies":[{"embeddable":true,"href":"https:\/\/encuentroinformativo.com.mx\/index.php?rest_route=%2Fwp%2Fv2%2Fcomments&post=49157"}],"version-history":[{"count":1,"href":"https:\/\/encuentroinformativo.com.mx\/index.php?rest_route=\/wp\/v2\/posts\/49157\/revisions"}],"predecessor-version":[{"id":49159,"href":"https:\/\/encuentroinformativo.com.mx\/index.php?rest_route=\/wp\/v2\/posts\/49157\/revisions\/49159"}],"wp:featuredmedia":[{"embeddable":true,"href":"https:\/\/encuentroinformativo.com.mx\/index.php?rest_route=\/wp\/v2\/media\/49158"}],"wp:attachment":[{"href":"https:\/\/encuentroinformativo.com.mx\/index.php?rest_route=%2Fwp%2Fv2%2Fmedia&parent=49157"}],"wp:term":[{"taxonomy":"category","embeddable":true,"href":"https:\/\/encuentroinformativo.com.mx\/index.php?rest_route=%2Fwp%2Fv2%2Fcategories&post=49157"},{"taxonomy":"post_tag","embeddable":true,"href":"https:\/\/encuentroinformativo.com.mx\/index.php?rest_route=%2Fwp%2Fv2%2Ftags&post=49157"}],"curies":[{"name":"wp","href":"https:\/\/api.w.org\/{rel}","templated":true}]}}