{"id":49173,"date":"2024-01-06T12:50:47","date_gmt":"2024-01-06T18:50:47","guid":{"rendered":"https:\/\/encuentroinformativo.com.mx\/?p=49173"},"modified":"2024-01-06T12:50:51","modified_gmt":"2024-01-06T18:50:51","slug":"los-reyes-llegan-a-veracruz","status":"publish","type":"post","link":"https:\/\/encuentroinformativo.com.mx\/?p=49173","title":{"rendered":"LOS REYES LLEGAN A VERACRUZ"},"content":{"rendered":"\n<p id=\"m_-4349663224850897637m_224775780267305309docs-internal-guid-60da8fdd-dc86-19b7-2b5d-2003247e54dd\"><strong>N\u00fameros Rojos<\/strong><\/p>\n\n\n\n<p><strong>Brenda Caballero<\/strong><\/p>\n\n\n\n<p>Entrevistar a los Reyes Magos un d\u00eda como hoy, parece f\u00e1cil, pero es dif\u00edcil, dijera el TRI.<\/p>\n\n\n\n<p>Definitivamente andan muy atareados entregando juguetes a los ni\u00f1os y ni\u00f1as que se portaron bien. \u00bfAcaso entonces me porte mal que a mi casa no llegaron?<\/p>\n\n\n\n<p>Naaa! Los pol\u00edticos se portan mal y les traen regalos. \u00bfPero, quiere saber qu\u00e9 les pidieron los de la polaca veracruzana? Ac\u00e1 les cuento, en entrevista* con Melchor, Gaspar y Baltasar, los Magos de Oriente.<\/p>\n\n\n\n<p>Y tal como lo cuenta la historia, para encontrarlos, bast\u00f3 con seguir la estrella de Bel\u00e9n\u2026 bueno, en realidad andaban cerca de Palacio de Gobierno pero sin el camello, caballo y elefante.<\/p>\n\n\n\n<p><strong>\u2013\u00a1Melchor, Gaspar, Baltasar! \u00bfMe pueden dar una entrevista?<\/strong><\/p>\n\n\n\n<p>\u2013La verdad, estamos muy apurados, adem\u00e1s t\u00fa no eres una ni\u00f1a.<\/p>\n\n\n\n<p><strong>\u2013\u00a1Claro que s\u00ed\u2026 \u00bfno ven mis colitas?<\/strong><\/p>\n\n\n\n<p>\u2013Mmmm\u2026 actualmente todas se ponen\u2026<\/p>\n\n\n\n<p><strong>\u2013\u00bfQu\u00e9 dijo?<\/strong><\/p>\n\n\n\n<p>\u2013Que te podemos dar una entrevista, pero de cinco minutos.&nbsp;<\/p>\n\n\n\n<p><strong>\u2013Ustedes son magos, no el gobernador\u2026 pero est\u00e1 bien. Oigan, \u00bfQu\u00e9 les hicieron al caballo, al camello y al elefante?<\/strong><\/p>\n\n\n\n<p>\u2013Pues simplemente los dejamos en Las Trancas\u2026 ac\u00e1 en Xalapa el tr\u00e1fico est\u00e1 imposible. No pod\u00edamos ni avanzar. Imagina que en L\u00e1zaro C\u00e1rdenas ven\u00edamos a vuelta de elefante: pesado, pesado, pesado\u2026<\/p>\n\n\n\n<p><strong>\u2013Qu\u00e9 bueno que mencionan la capital \u00bfQu\u00e9 les pidi\u00f3 el alcalde Ricardo Ahued Bardahuil?<\/strong><\/p>\n\n\n\n<p>\u2013Que lo dejaran avanzar<\/p>\n\n\n\n<p><strong>\u2013\u00bfEn referencia al tr\u00e1fico?<\/strong><\/p>\n\n\n\n<p>\u2013Nooo, en referencia al partido. Est\u00e1 m\u00e1s congelado que el pr\u00f3ximo frente Fr\u00edo.<\/p>\n\n\n\n<p><strong>\u2013Bueno, pero ahora que andamos en campa\u00f1as electorales, imagino que tambi\u00e9n los candidatos pidieron sus regalos e hicieron su cartita.<\/strong><\/p>\n\n\n\n<p>\u2013Dir\u00e1s cartota. \u00a1Imagina que todas eran para Melchor!<\/p>\n\n\n\n<p><strong>\u2013\u00bfA poco es el mejor mago?<\/strong><\/p>\n\n\n\n<p>\u2013\u00a1Qu\u00e9 pas\u00f3! \u00c9l trae el oro, el dinero, el billete, el biyuyo, la marmaja. Con eso que andan en campa\u00f1a \u00a1Les urge!<\/p>\n\n\n\n<p><strong>\u2013\u00bfEso pidieron Roc\u00edo Nahle y Pepe Yunes?<\/strong><\/p>\n\n\n\n<p>\u2013Ellos pidieron la gubernatura de Veracruz.<\/p>\n\n\n\n<p><strong>\u2013Y ac\u00e1 entre nos\u2026 \u00bfa qui\u00e9n se la trajeron?<\/strong><\/p>\n\n\n\n<p>\u2013Ah qu\u00e9 reportera tan chismosa. Apenas naci\u00f3 el ni\u00f1o y t\u00fa ya lo quieres bautizar.<\/p>\n\n\n\n<p><strong>\u2013Bueno, bueno, \u00bfA qui\u00e9n le trajeron incienso?<\/strong><\/p>\n\n\n\n<p>\u2013Pues al PRI, con eso que todo les huele mal. \u00a1Hasta mirra les dejamos!<\/p>\n\n\n\n<p><strong>\u2013\u00bfY Movimiento Ciudadano les pidi\u00f3 algo?<\/strong><\/p>\n\n\n\n<p>\u2013\u00bfSon los de Naranja? \u00bfLos del Fosfo Fosfo? \u00bfLo de lo Viejo es Nuevo o lo Nuevo es Viejo? \u00bfLos que nos pusieron tenis en lugar de zapatos?<\/p>\n\n\n\n<p><strong>\u2013Esos mismos.<\/strong><\/p>\n\n\n\n<p>\u2013Pues ellos tambi\u00e9n pidieron muchas cosas, como un candidato a la gubernatura y no perder el registro, pero pues somos magos\u2026 \u00a1no hacemos milagros! Adem\u00e1s ya pasaron tus cinco minutos, y no traemos m\u00e1s regalos.&nbsp;<\/p>\n\n\n\n<p><strong>\u2013Pero\u2026 apenas les iba a dar mi cartita!<\/strong><\/p>\n\n\n\n<p>\u2013Naaa! Ya estamos saturados. Ya no tenemos m\u00e1s huesos, ni huesitos y menos huesotes.<\/p>\n\n\n\n<p><strong>\u2013Es que \u00a1ustedes son los Reyes Magos!<\/strong><\/p>\n\n\n\n<p>\u2013Pero te portaste mal, y carb\u00f3n te dejamos.<\/p>\n\n\n\n<p><strong>\u2013\u00a1Pues qu\u00e9 carbones!<\/strong><\/p>\n\n\n\n<p>*Entrevista ficticia, con la \u00fanica intenci\u00f3n de sacarle una sonrisa.<\/p>\n\n\n\n<p><a href=\"mailto:correo%3Acaballero_brenda@hotmail.com\" target=\"_blank\" rel=\"noreferrer noopener\">correo:caballero_brenda@hotmail.com<\/a><\/p>\n\n\n\n<p>Twitter: @NumerosRojos_BC<\/p>\n","protected":false},"excerpt":{"rendered":"<p>N\u00fameros Rojos Brenda Caballero Entrevistar a los Reyes Magos un d\u00eda como hoy, parece f\u00e1cil, pero es dif\u00edcil, dijera el TRI. Definitivamente andan muy atareados entregando juguetes a los ni\u00f1os y ni\u00f1as que se portaron bien. \u00bfAcaso entonces me porte mal que a mi casa no llegaron? Naaa! Los pol\u00edticos se portan mal y les [&hellip;]<\/p>\n","protected":false},"author":2476,"featured_media":387,"comment_status":"open","ping_status":"open","sticky":false,"template":"","format":"standard","meta":{"_jetpack_memberships_contains_paid_content":false,"footnotes":""},"categories":[11],"tags":[],"class_list":["post-49173","post","type-post","status-publish","format-standard","has-post-thumbnail","hentry","category-opinion"],"jetpack_featured_media_url":"https:\/\/encuentroinformativo.com.mx\/wp-content\/uploads\/2020\/03\/7CF8A22B-2764-47BE-8F7F-38FE9E5D6A2F.jpeg","jetpack_sharing_enabled":true,"jetpack_likes_enabled":true,"amp_enabled":true,"_links":{"self":[{"href":"https:\/\/encuentroinformativo.com.mx\/index.php?rest_route=\/wp\/v2\/posts\/49173","targetHints":{"allow":["GET"]}}],"collection":[{"href":"https:\/\/encuentroinformativo.com.mx\/index.php?rest_route=\/wp\/v2\/posts"}],"about":[{"href":"https:\/\/encuentroinformativo.com.mx\/index.php?rest_route=\/wp\/v2\/types\/post"}],"author":[{"embeddable":true,"href":"https:\/\/encuentroinformativo.com.mx\/index.php?rest_route=\/wp\/v2\/users\/2476"}],"replies":[{"embeddable":true,"href":"https:\/\/encuentroinformativo.com.mx\/index.php?rest_route=%2Fwp%2Fv2%2Fcomments&post=49173"}],"version-history":[{"count":1,"href":"https:\/\/encuentroinformativo.com.mx\/index.php?rest_route=\/wp\/v2\/posts\/49173\/revisions"}],"predecessor-version":[{"id":49174,"href":"https:\/\/encuentroinformativo.com.mx\/index.php?rest_route=\/wp\/v2\/posts\/49173\/revisions\/49174"}],"wp:featuredmedia":[{"embeddable":true,"href":"https:\/\/encuentroinformativo.com.mx\/index.php?rest_route=\/wp\/v2\/media\/387"}],"wp:attachment":[{"href":"https:\/\/encuentroinformativo.com.mx\/index.php?rest_route=%2Fwp%2Fv2%2Fmedia&parent=49173"}],"wp:term":[{"taxonomy":"category","embeddable":true,"href":"https:\/\/encuentroinformativo.com.mx\/index.php?rest_route=%2Fwp%2Fv2%2Fcategories&post=49173"},{"taxonomy":"post_tag","embeddable":true,"href":"https:\/\/encuentroinformativo.com.mx\/index.php?rest_route=%2Fwp%2Fv2%2Ftags&post=49173"}],"curies":[{"name":"wp","href":"https:\/\/api.w.org\/{rel}","templated":true}]}}