{"id":49178,"date":"2024-01-06T13:41:21","date_gmt":"2024-01-06T19:41:21","guid":{"rendered":"https:\/\/encuentroinformativo.com.mx\/?p=49178"},"modified":"2024-01-06T13:41:27","modified_gmt":"2024-01-06T19:41:27","slug":"batres-es-la-ministra-del-dedazo-acusa-xochitl-galvez","status":"publish","type":"post","link":"https:\/\/encuentroinformativo.com.mx\/?p=49178","title":{"rendered":"Batres es la Ministra del &#8216;dedazo&#8217;, acusa X\u00f3chitl G\u00e1lvez"},"content":{"rendered":"\n<p><strong>Alejandro \u00c1vila<\/strong><\/p>\n\n\n\n<p>Veracruz, Ver.- La pre candidata de la coalici\u00f3n &#8220;Fuerza y Coraz\u00f3n por M\u00e9xico&#8221;, X\u00f3chitl G\u00e1lvez Ruiz, acus\u00f3 que la nueva Ministra de la Suprema Corte de Justicia de la Naci\u00f3n (SCJN), Lenia Batres Guadarrama, de ser la Ministra del &#8220;dedazo&#8221;.<\/p>\n\n\n\n<p>Cabe mencionar que, esta es la primera ocasi\u00f3n que el Poder Ejecutivo designa de manera directa a una Ministra de la Suprema Corte de Justicia de la Naci\u00f3n (SCJN), toda vez que las dos primeras ternas presentadas por el presidente, Andr\u00e9s Manuel L\u00f3pez Obrador, fueron rechazadas por el pleno del Senado de la Rep\u00fablica.<\/p>\n\n\n\n<p>&#8220;Primero, no es la Ministra del pueblo, es la ministra del &#8216;dedazo&#8217;, porque el Presidente la impuso, no la votaron los Senadores que son los representantes del pueblo, m\u00e1s bien, es la Ministra del &#8216;dedazo&#8217; (\u2026) que respete la Constituci\u00f3n, nada m\u00e1s, no hay nada m\u00e1s que hacer&#8221;, asest\u00f3.<\/p>\n\n\n\n<p>En otro tema, la hidalguense descart\u00f3 reforzar su equipo de seguridad ante los fallecimientos de tres aspirantes a un cargo p\u00fablico o la inseguridad que se vive en M\u00e9xico, como el ataque con drones que se vivi\u00f3 este viernes en la comunidad de Buena Vista en el Estado de Guerrero.<\/p>\n\n\n\n<p>&#8220;No, s\u00ed, tambi\u00e9n lamento el fallecimiento de tres precandidatos, uno de Movimiento Ciudadano, dos del Frente Amplio por M\u00e9xico, ahora Fuerza y Coraz\u00f3n por M\u00e9xico, que fueron asesinados en las \u00faltimas 48 horas&#8221;, culmin\u00f3.<\/p>\n","protected":false},"excerpt":{"rendered":"<p>Alejandro \u00c1vila Veracruz, Ver.- La pre candidata de la coalici\u00f3n &#8220;Fuerza y Coraz\u00f3n por M\u00e9xico&#8221;, X\u00f3chitl G\u00e1lvez Ruiz, acus\u00f3 que la nueva Ministra de la Suprema Corte de Justicia de la Naci\u00f3n (SCJN), Lenia Batres Guadarrama, de ser la Ministra del &#8220;dedazo&#8221;. Cabe mencionar que, esta es la primera ocasi\u00f3n que el Poder Ejecutivo designa [&hellip;]<\/p>\n","protected":false},"author":2476,"featured_media":49179,"comment_status":"open","ping_status":"open","sticky":false,"template":"","format":"standard","meta":{"_jetpack_memberships_contains_paid_content":false,"footnotes":""},"categories":[2],"tags":[],"class_list":["post-49178","post","type-post","status-publish","format-standard","has-post-thumbnail","hentry","category-estado"],"jetpack_featured_media_url":"https:\/\/encuentroinformativo.com.mx\/wp-content\/uploads\/2024\/01\/IMG-20240106-WA00152.jpg","jetpack_sharing_enabled":true,"jetpack_likes_enabled":true,"amp_enabled":true,"_links":{"self":[{"href":"https:\/\/encuentroinformativo.com.mx\/index.php?rest_route=\/wp\/v2\/posts\/49178","targetHints":{"allow":["GET"]}}],"collection":[{"href":"https:\/\/encuentroinformativo.com.mx\/index.php?rest_route=\/wp\/v2\/posts"}],"about":[{"href":"https:\/\/encuentroinformativo.com.mx\/index.php?rest_route=\/wp\/v2\/types\/post"}],"author":[{"embeddable":true,"href":"https:\/\/encuentroinformativo.com.mx\/index.php?rest_route=\/wp\/v2\/users\/2476"}],"replies":[{"embeddable":true,"href":"https:\/\/encuentroinformativo.com.mx\/index.php?rest_route=%2Fwp%2Fv2%2Fcomments&post=49178"}],"version-history":[{"count":1,"href":"https:\/\/encuentroinformativo.com.mx\/index.php?rest_route=\/wp\/v2\/posts\/49178\/revisions"}],"predecessor-version":[{"id":49180,"href":"https:\/\/encuentroinformativo.com.mx\/index.php?rest_route=\/wp\/v2\/posts\/49178\/revisions\/49180"}],"wp:featuredmedia":[{"embeddable":true,"href":"https:\/\/encuentroinformativo.com.mx\/index.php?rest_route=\/wp\/v2\/media\/49179"}],"wp:attachment":[{"href":"https:\/\/encuentroinformativo.com.mx\/index.php?rest_route=%2Fwp%2Fv2%2Fmedia&parent=49178"}],"wp:term":[{"taxonomy":"category","embeddable":true,"href":"https:\/\/encuentroinformativo.com.mx\/index.php?rest_route=%2Fwp%2Fv2%2Fcategories&post=49178"},{"taxonomy":"post_tag","embeddable":true,"href":"https:\/\/encuentroinformativo.com.mx\/index.php?rest_route=%2Fwp%2Fv2%2Ftags&post=49178"}],"curies":[{"name":"wp","href":"https:\/\/api.w.org\/{rel}","templated":true}]}}