{"id":49184,"date":"2024-01-06T13:59:50","date_gmt":"2024-01-06T19:59:50","guid":{"rendered":"https:\/\/encuentroinformativo.com.mx\/?p=49184"},"modified":"2024-01-06T13:59:56","modified_gmt":"2024-01-06T19:59:56","slug":"padece-veracruz-migracion-silenciosa-pepe-yunes","status":"publish","type":"post","link":"https:\/\/encuentroinformativo.com.mx\/?p=49184","title":{"rendered":"Padece Veracruz migraci\u00f3n silenciosa: Pepe Yunes"},"content":{"rendered":"\n<p><strong>Alejandro \u00c1vila<\/strong><\/p>\n\n\n\n<p>Veracruz, Ver.- La juventud veracruzana que deber\u00eda de ser la nueva generaci\u00f3n que se encargue de continuar con la producci\u00f3n primaria en los campos veracruzanos, est\u00e1 emigrando ante la falta de oportunidades y apoyos de parte de los gobiernos de Morena, se\u00f1al\u00f3 Jos\u00e9 Francisco Yunes Zorrilla, pre candidato de la coalici\u00f3n &#8220;Fuerza y Coraz\u00f3n por Veracruz&#8221;.<\/p>\n\n\n\n<p>Apenas este jueves, la presidenta nacional de la CNC, Leticia Barrera Maldonado, expuso que desde la llegada del actual Gobierno Federal se han dejado de sembrar m\u00e1s de 5 millones de hect\u00e1reas.<\/p>\n\n\n\n<p>&#8220;Hoy Veracruz padece una migraci\u00f3n silenciosa de quienes no tienen en esta tierra posibilidades de vida, posibilidades de trabajo, entre otras cosas, por eso el abandono&#8221;, fustig\u00f3.<\/p>\n\n\n\n<p>El diputado federal con licencia, lament\u00f3 el abandono del actual Gobierno Federal y Estatal a los campesinos, ya que asegur\u00f3 estos son el pilar y la base de la econom\u00eda de M\u00e9xico, misma que se encuentra fluctuante debido a la falta de apoyos a este sector productivo.<\/p>\n\n\n\n<p>Pepe Yunes estuvo presente en el 109 aniversario de la Promulgaci\u00f3n de la Ley Agraria, misma que se llev\u00f3 a cabo en el Faro &#8220;Venustiano Carranza&#8221; del Puerto de Veracruz, donde estuvo acompa\u00f1ado de la aspirante a la presidencia de la rep\u00fablica, X\u00f3chitl G\u00e1lvez Ruiz.<\/p>\n","protected":false},"excerpt":{"rendered":"<p>Alejandro \u00c1vila Veracruz, Ver.- La juventud veracruzana que deber\u00eda de ser la nueva generaci\u00f3n que se encargue de continuar con la producci\u00f3n primaria en los campos veracruzanos, est\u00e1 emigrando ante la falta de oportunidades y apoyos de parte de los gobiernos de Morena, se\u00f1al\u00f3 Jos\u00e9 Francisco Yunes Zorrilla, pre candidato de la coalici\u00f3n &#8220;Fuerza y [&hellip;]<\/p>\n","protected":false},"author":2476,"featured_media":49185,"comment_status":"open","ping_status":"open","sticky":false,"template":"","format":"standard","meta":{"_jetpack_memberships_contains_paid_content":false,"footnotes":""},"categories":[2],"tags":[],"class_list":["post-49184","post","type-post","status-publish","format-standard","has-post-thumbnail","hentry","category-estado"],"jetpack_featured_media_url":"https:\/\/encuentroinformativo.com.mx\/wp-content\/uploads\/2024\/01\/IMG-20240106-WA00172.jpg","jetpack_sharing_enabled":true,"jetpack_likes_enabled":true,"amp_enabled":true,"_links":{"self":[{"href":"https:\/\/encuentroinformativo.com.mx\/index.php?rest_route=\/wp\/v2\/posts\/49184","targetHints":{"allow":["GET"]}}],"collection":[{"href":"https:\/\/encuentroinformativo.com.mx\/index.php?rest_route=\/wp\/v2\/posts"}],"about":[{"href":"https:\/\/encuentroinformativo.com.mx\/index.php?rest_route=\/wp\/v2\/types\/post"}],"author":[{"embeddable":true,"href":"https:\/\/encuentroinformativo.com.mx\/index.php?rest_route=\/wp\/v2\/users\/2476"}],"replies":[{"embeddable":true,"href":"https:\/\/encuentroinformativo.com.mx\/index.php?rest_route=%2Fwp%2Fv2%2Fcomments&post=49184"}],"version-history":[{"count":1,"href":"https:\/\/encuentroinformativo.com.mx\/index.php?rest_route=\/wp\/v2\/posts\/49184\/revisions"}],"predecessor-version":[{"id":49186,"href":"https:\/\/encuentroinformativo.com.mx\/index.php?rest_route=\/wp\/v2\/posts\/49184\/revisions\/49186"}],"wp:featuredmedia":[{"embeddable":true,"href":"https:\/\/encuentroinformativo.com.mx\/index.php?rest_route=\/wp\/v2\/media\/49185"}],"wp:attachment":[{"href":"https:\/\/encuentroinformativo.com.mx\/index.php?rest_route=%2Fwp%2Fv2%2Fmedia&parent=49184"}],"wp:term":[{"taxonomy":"category","embeddable":true,"href":"https:\/\/encuentroinformativo.com.mx\/index.php?rest_route=%2Fwp%2Fv2%2Fcategories&post=49184"},{"taxonomy":"post_tag","embeddable":true,"href":"https:\/\/encuentroinformativo.com.mx\/index.php?rest_route=%2Fwp%2Fv2%2Ftags&post=49184"}],"curies":[{"name":"wp","href":"https:\/\/api.w.org\/{rel}","templated":true}]}}