{"id":49187,"date":"2024-01-06T15:38:42","date_gmt":"2024-01-06T21:38:42","guid":{"rendered":"https:\/\/encuentroinformativo.com.mx\/?p=49187"},"modified":"2024-01-06T15:38:46","modified_gmt":"2024-01-06T21:38:46","slug":"por-vacaciones-solo-se-registro-un-robo-en-escuelas-del-puerto-sev","status":"publish","type":"post","link":"https:\/\/encuentroinformativo.com.mx\/?p=49187","title":{"rendered":"Por vacaciones, solo se registr\u00f3 un robo en escuelas del puerto: SEV"},"content":{"rendered":"\n<p><strong>Dar\u00edo Pale <\/strong><\/p>\n\n\n\n<p>Xalapa, Ver.- Todo est\u00e1 listo ya para que los estudiantes en todo el estado regresen a clases este lunes, as\u00ed lo dio a conocer el titular de la Secretar\u00eda de Educaci\u00f3n de Veracruz, V\u00edctor Emmanuel Vargas Barrientos.<\/p>\n\n\n\n<p>En entrevista se\u00f1al\u00f3 que, &#8220;ya estamos listos para regresar el lunes 8 de enero y dar inicio despu\u00e9s de un periodo vacacional&#8221;.<\/p>\n\n\n\n<p>Dijo que este viernes concluyeron los cursos que en el Consejo T\u00e9cnico Intensivo tomaron las y los maestros en el estado.\u00a0<\/p>\n\n\n\n<p>El subsecretario de Educaci\u00f3n Media Superior y Superior, Jorge Miguel Uscanga Villalba precis\u00f3 que desde este s\u00e1bado regresaron a clases algunos subsistemas como el bachillerato mixto\u00a0<br>&#8220;creemos que vamos a regresar muy bien y vamos a estar atentos a cualquier eventualidad&#8221; agreg\u00f3.<\/p>\n\n\n\n<p>Respecto al periodo del receso escolar, el titular de la SEV dijo que s\u00f3lo se registr\u00f3 un robo en una escuela del puerto de Veracruz.<\/p>\n\n\n\n<p>Finalmente se\u00f1al\u00f3 que, &#8220;s\u00f3lo tuvimos un caso reportado por la delegaci\u00f3n en Veracruz. Afortunadamente no se present\u00f3 ninguna situaci\u00f3n de emergencia en cuanto un robo. No hubo saqueo en la escuelas como ha sucedido en otros a\u00f1os&#8221;.<\/p>\n","protected":false},"excerpt":{"rendered":"<p>Dar\u00edo Pale Xalapa, Ver.- Todo est\u00e1 listo ya para que los estudiantes en todo el estado regresen a clases este lunes, as\u00ed lo dio a conocer el titular de la Secretar\u00eda de Educaci\u00f3n de Veracruz, V\u00edctor Emmanuel Vargas Barrientos. En entrevista se\u00f1al\u00f3 que, &#8220;ya estamos listos para regresar el lunes 8 de enero y dar [&hellip;]<\/p>\n","protected":false},"author":2476,"featured_media":49188,"comment_status":"open","ping_status":"open","sticky":false,"template":"","format":"standard","meta":{"_jetpack_memberships_contains_paid_content":false,"footnotes":""},"categories":[2],"tags":[],"class_list":["post-49187","post","type-post","status-publish","format-standard","has-post-thumbnail","hentry","category-estado"],"jetpack_featured_media_url":"https:\/\/encuentroinformativo.com.mx\/wp-content\/uploads\/2024\/01\/IMG-20240106-WA0040.jpg","jetpack_sharing_enabled":true,"jetpack_likes_enabled":true,"amp_enabled":true,"_links":{"self":[{"href":"https:\/\/encuentroinformativo.com.mx\/index.php?rest_route=\/wp\/v2\/posts\/49187","targetHints":{"allow":["GET"]}}],"collection":[{"href":"https:\/\/encuentroinformativo.com.mx\/index.php?rest_route=\/wp\/v2\/posts"}],"about":[{"href":"https:\/\/encuentroinformativo.com.mx\/index.php?rest_route=\/wp\/v2\/types\/post"}],"author":[{"embeddable":true,"href":"https:\/\/encuentroinformativo.com.mx\/index.php?rest_route=\/wp\/v2\/users\/2476"}],"replies":[{"embeddable":true,"href":"https:\/\/encuentroinformativo.com.mx\/index.php?rest_route=%2Fwp%2Fv2%2Fcomments&post=49187"}],"version-history":[{"count":1,"href":"https:\/\/encuentroinformativo.com.mx\/index.php?rest_route=\/wp\/v2\/posts\/49187\/revisions"}],"predecessor-version":[{"id":49189,"href":"https:\/\/encuentroinformativo.com.mx\/index.php?rest_route=\/wp\/v2\/posts\/49187\/revisions\/49189"}],"wp:featuredmedia":[{"embeddable":true,"href":"https:\/\/encuentroinformativo.com.mx\/index.php?rest_route=\/wp\/v2\/media\/49188"}],"wp:attachment":[{"href":"https:\/\/encuentroinformativo.com.mx\/index.php?rest_route=%2Fwp%2Fv2%2Fmedia&parent=49187"}],"wp:term":[{"taxonomy":"category","embeddable":true,"href":"https:\/\/encuentroinformativo.com.mx\/index.php?rest_route=%2Fwp%2Fv2%2Fcategories&post=49187"},{"taxonomy":"post_tag","embeddable":true,"href":"https:\/\/encuentroinformativo.com.mx\/index.php?rest_route=%2Fwp%2Fv2%2Ftags&post=49187"}],"curies":[{"name":"wp","href":"https:\/\/api.w.org\/{rel}","templated":true}]}}