{"id":49193,"date":"2024-01-06T15:57:09","date_gmt":"2024-01-06T21:57:09","guid":{"rendered":"https:\/\/encuentroinformativo.com.mx\/?p=49193"},"modified":"2024-01-06T15:57:14","modified_gmt":"2024-01-06T21:57:14","slug":"regularizaran-a-docentes-de-educacion-especial-e-indigena","status":"publish","type":"post","link":"https:\/\/encuentroinformativo.com.mx\/?p=49193","title":{"rendered":"Regularizar\u00e1n a docentes de educaci\u00f3n especial e ind\u00edgena"},"content":{"rendered":"\n<p><strong>Dar\u00edo Pale <\/strong><\/p>\n\n\n\n<p>Xalapa, Ver.- Regularizar\u00e1 la Secretar\u00eda de Educaci\u00f3n de Veracruz (SEV) a maestros de Educaci\u00f3n Especial e Ind\u00edgena, ya que muchos no contaban con el perfil y les pagaban por medio de &#8220;becas\u201d, as\u00ed lo dio a conocer la Oficial Mayor de la Secretar\u00eda, Ariadna Selene Aguilar Amaya.<\/p>\n\n\n\n<p>En entrevista inform\u00f3 que han regularizado alrededor de 500 maestros que ten\u00edan problemas en sus claves, las cuales no les correspond\u00edan, siendo los docentes ind\u00edgenas de los mayores beneficiados.\u00a0<\/p>\n\n\n\n<p>&#8220;Hemos regularizado 300 de educaci\u00f3n especial, se van sumando otros maestros, por ejemplo de Telesecundaria cerca de 200, ahorita vamos a regularizar 115 de educaci\u00f3n ind\u00edgena y de educaci\u00f3n t\u00e9cnicas y generales, ya estamos en el diagn\u00f3stico pero ah\u00ed s\u00ed son yo creo que unos 500, quiz\u00e1 m\u00e1s maestros\u201d, se\u00f1al\u00f3.<\/p>\n\n\n\n<p>Aguilar Amaya refiri\u00f3 que se trata de un trabajo muy intenso pero se encuentran contentos para la transformaci\u00f3n de la educaci\u00f3n, ya que han creado procesos claros y transparentes, los cuales generan confianza en los maestros del estado.<\/p>\n\n\n\n<p>&#8220;Es la primera vez que se les otorgan horas adicionales y esto no suced\u00eda en ninguna otra administraci\u00f3n. Es decir, los maestros presentan un examen, presentan su documentaci\u00f3n y con esto pueden tener m\u00e1s horas y tener un recurso mayor, y tambi\u00e9n nos aseguramos de que nuestros maestros est\u00e9n mejor preparados\u201d, coment\u00f3.<\/p>\n\n\n\n<p>Por ello, record\u00f3 que si los maestros se encuentran mejor preparados, tambi\u00e9n brindar\u00e1n una educaci\u00f3n de mayor calidad a los alumnos veracruzanos.\u00a0<\/p>\n\n\n\n<p>\u201cTen\u00edamos maestros de educaci\u00f3n ind\u00edgena que ten\u00edan unas claves que era como tipo becas, pues para nada se iguala con una clave que ya es de docente. Despu\u00e9s de varios a\u00f1os ya re\u00fanen el perfil porque en su momento, recordemos que no ten\u00edan el perfil para dar esa funci\u00f3n, entonces ten\u00edan que ver la manera de cubrir esos espacios\u201d, dijo en entrevista.<\/p>\n\n\n\n<p>Aunado a ello, refiri\u00f3 que hab\u00eda maestros que ten\u00edan entre 20 y 30 a\u00f1os de servicio y no contaban con su basificaci\u00f3n, lo que les imped\u00eda poderse jubilar y acceder a sus prestaciones.\u00a0<\/p>\n\n\n\n<p>Por \u00faltimo coment\u00f3, \u201cvamos a seguir regularizando las claves a todos aquellos que se les dio de manera incorrecta, ya regularizamos las claves de educaci\u00f3n especial, estamos en el \u00faltimo proceso de educaci\u00f3n ind\u00edgena que ten\u00edan una clave inferior y que no les correspond\u00eda, y que hoy ya tienen el perfil y tienen acceso a poderse promover\u201d.\u00a0<\/p>\n","protected":false},"excerpt":{"rendered":"<p>Dar\u00edo Pale Xalapa, Ver.- Regularizar\u00e1 la Secretar\u00eda de Educaci\u00f3n de Veracruz (SEV) a maestros de Educaci\u00f3n Especial e Ind\u00edgena, ya que muchos no contaban con el perfil y les pagaban por medio de &#8220;becas\u201d, as\u00ed lo dio a conocer la Oficial Mayor de la Secretar\u00eda, Ariadna Selene Aguilar Amaya. En entrevista inform\u00f3 que han regularizado [&hellip;]<\/p>\n","protected":false},"author":2476,"featured_media":49194,"comment_status":"open","ping_status":"open","sticky":false,"template":"","format":"standard","meta":{"_jetpack_memberships_contains_paid_content":false,"footnotes":""},"categories":[2],"tags":[],"class_list":["post-49193","post","type-post","status-publish","format-standard","has-post-thumbnail","hentry","category-estado"],"jetpack_featured_media_url":"https:\/\/encuentroinformativo.com.mx\/wp-content\/uploads\/2024\/01\/IMG-20240106-WA00412.jpg","jetpack_sharing_enabled":true,"jetpack_likes_enabled":true,"amp_enabled":true,"_links":{"self":[{"href":"https:\/\/encuentroinformativo.com.mx\/index.php?rest_route=\/wp\/v2\/posts\/49193","targetHints":{"allow":["GET"]}}],"collection":[{"href":"https:\/\/encuentroinformativo.com.mx\/index.php?rest_route=\/wp\/v2\/posts"}],"about":[{"href":"https:\/\/encuentroinformativo.com.mx\/index.php?rest_route=\/wp\/v2\/types\/post"}],"author":[{"embeddable":true,"href":"https:\/\/encuentroinformativo.com.mx\/index.php?rest_route=\/wp\/v2\/users\/2476"}],"replies":[{"embeddable":true,"href":"https:\/\/encuentroinformativo.com.mx\/index.php?rest_route=%2Fwp%2Fv2%2Fcomments&post=49193"}],"version-history":[{"count":1,"href":"https:\/\/encuentroinformativo.com.mx\/index.php?rest_route=\/wp\/v2\/posts\/49193\/revisions"}],"predecessor-version":[{"id":49195,"href":"https:\/\/encuentroinformativo.com.mx\/index.php?rest_route=\/wp\/v2\/posts\/49193\/revisions\/49195"}],"wp:featuredmedia":[{"embeddable":true,"href":"https:\/\/encuentroinformativo.com.mx\/index.php?rest_route=\/wp\/v2\/media\/49194"}],"wp:attachment":[{"href":"https:\/\/encuentroinformativo.com.mx\/index.php?rest_route=%2Fwp%2Fv2%2Fmedia&parent=49193"}],"wp:term":[{"taxonomy":"category","embeddable":true,"href":"https:\/\/encuentroinformativo.com.mx\/index.php?rest_route=%2Fwp%2Fv2%2Fcategories&post=49193"},{"taxonomy":"post_tag","embeddable":true,"href":"https:\/\/encuentroinformativo.com.mx\/index.php?rest_route=%2Fwp%2Fv2%2Ftags&post=49193"}],"curies":[{"name":"wp","href":"https:\/\/api.w.org\/{rel}","templated":true}]}}