{"id":49208,"date":"2024-01-07T22:31:46","date_gmt":"2024-01-08T04:31:46","guid":{"rendered":"https:\/\/encuentroinformativo.com.mx\/?p=49208"},"modified":"2024-01-07T22:31:52","modified_gmt":"2024-01-08T04:31:52","slug":"lluvia-de-peticiones-y-demandas-en-evento-de-rio-blanco","status":"publish","type":"post","link":"https:\/\/encuentroinformativo.com.mx\/?p=49208","title":{"rendered":"Lluvia de peticiones y demandas en evento de R\u00edo Blanco"},"content":{"rendered":"\n<p><strong>Juan Arcos <\/strong><\/p>\n\n\n\n<p>Xalapa, Ver.- Con diversas protestas, sobre todo de familiares de desaparecidos, fue recibido elpresidente de la Rep\u00fablica Andres Manuel L\u00f3pez Obrador, en su visita al municipio de R\u00edo Blanco, en la zona centro del estado de Veracruz, donde se llev\u00f3 a cabo la ceremonia por el 117 aniversario de los M\u00e1rtires de 1907.<\/p>\n\n\n\n<p>Hubo manifestaciones por parte de los familiares de dos casos de desaparecidos ocurridos en Orizaba y Ciudad Mendoza, en la regi\u00f3n central de la entidad. Pero tambi\u00e9n protestaron jubilados del Instituto Mexicano del Seguro Social (IMSS) delegacion Sur y trabajadores del hospital psiqui\u00e1trico &#8220;V\u00edctor Manuel de la Concha\u201d.<\/p>\n\n\n\n<p>Los parientes de las cuatro personas desaparecidas el pasado 8 de diciembre en las instalaciones de la Direcci\u00f3n Municipal de Tr\u00e1nsito de Ciudad Mendoza exigieron al mandatario federal que haya justicia en el caso y que sean localizados con vida.<\/p>\n\n\n\n<p>Los extraviados son: V\u00edctor Manuel Adell S\u00e1nchez, Antonio S\u00e1nchez L\u00f3pez, Honorio L\u00f3pez e Illeana L\u00f3pez; los \u00faltimos tres son familiares y todos trabajaban en una empresa de telecomunicaciones.<\/p>\n\n\n\n<p>Al momento solo hay dos personas detenidas por estos hechos, entre ellos el exdirector de Tr\u00e1nsito Municipal, Fausto \u201cN\u201d y el elemento Cristian \u201cN\u201d, aunque faltan por ejecutar siete \u00f3rdenes de aprehensi\u00f3n contra el mismo n\u00famero de agentes de tr\u00e1nsito de Mendoza.<\/p>\n\n\n\n<p>A las movilizaciones se sumaron familiares de Adri\u00e1n Cid P\u00e9rez, de 36 a\u00f1os, desaparecido hace cien d\u00edas en el municipio de Ju\u00e1rez en el estado de Chiapas, tras ser contratado en Veracruz como encuestador del Movimiento de Regeneraci\u00f3n Nacional (Morena).<\/p>\n\n\n\n<p>Ingrid Cid, hermana de Adri\u00e1n, relat\u00f3 que a la fecha la Fiscal\u00eda General de Chiapas no ha brindado avances sobre lo sucedido a su hermano; adem\u00e1s de que el gobierno de Veracruz ni Morena les han apoyado.<\/p>\n\n\n\n<p>&#8220;Mi hermano trabajaba como encuestador para Morena. Lo mandaron a trabajar a Chiapas, al municipio de Ju\u00e1rez. Entr\u00f3 un grupo armado al hotel donde se hospedaba con sus compa\u00f1eros a quienes encontraron muertos. Sobre \u00e9l, no sabemos nada&#8221;, record\u00f3.<\/p>\n\n\n\n<p>Precis\u00f3 que su padre tuvo que vivir un mes en el Estado vecino para localizar a su hijo, pero la mayor\u00eda de los testigos mantienen su informaci\u00f3n en reserva.<\/p>\n\n\n\n<p>&#8220;Creo que la gente vive de alguna manera con miedo por lo mismo que todo lo que sucede all\u00e1 en ese lugar o por lo menos en ese estado. Hoy queremos que el presidente nos escuche porque ya son cien d\u00edas&#8221;, a\u00f1adi\u00f3.<\/p>\n\n\n\n<p>Comentaron que a la fecha se sabe que por este caso hay tres personas detenidas; aunque se desconoce sobre el avance de la carpeta y el delito por el que est\u00e1n siendo investigados.<\/p>\n\n\n\n<h3 class=\"wp-block-heading\">RECLAMO AL IMSS<\/h3>\n\n\n\n<p>Los jubilados del IMSS protestaron para exigir el pago de cesant\u00eda y vejez que se les adeuda desde el a\u00f1o 2015. La extrabajadora Mar\u00eda del Socorro Jim\u00e9nez Reina explic\u00f3 que dicho logro est\u00e1 asentado en el contrato colectivo de trabajo; sin embargo, dicho derecho les fue retirado por una supuesta confusi\u00f3n.<\/p>\n\n\n\n<p>&#8220;A nosotros nos incluyeron dentro de los pensionados en forma general, pero nosotros tenemos un Contrato Colectivo de Trabajo que nos ampara pues somos independientes a esa jurisprudencia, y nos incluyeron err\u00f3neamente en ese sistema&#8221;.<\/p>\n\n\n\n<p>Entre las manifestaciones, tambi\u00e9n se observ\u00f3 a trabajadores del Hospital Psiqui\u00e1trico &#8220;V\u00edctor Manuel de la Concha&#8221;, quienes exigieron la homologaci\u00f3n y bases para trabajadores que tienen m\u00e1s de 23 a\u00f1os de antig\u00fcedad.<\/p>\n\n\n\n<h3 class=\"wp-block-heading\">YA HABL\u00c9 CON ELLOS: AMLO<\/h3>\n\n\n\n<p>Despu\u00e9s de las protestas, el presidente de la Rep\u00fablica, Andr\u00e9s Manuel L\u00f3pez Obrador, asegur\u00f3 que sostuvo un di\u00e1logo con los familiares de las cuatro personas desaparecidas el pasado 8 de diciembre en las instalaciones de la Direcci\u00f3n Municipal de Tr\u00e1nsito de Camerino Z. Mendoza.<\/p>\n\n\n\n<p>En breve entrevista cuando se retiraba del evento del 117 aniversario de los M\u00e1rtires de R\u00edo Blanco, el mandatario federal se comprometi\u00f3 a atender el caso a la brevedad.<\/p>\n\n\n\n<p>\u201cLo vamos a arreglar. Ya habl\u00e9, ya habl\u00e9 con ellos (los familiares)\u201d, repiti\u00f3 a los representantes de diversos medios de comunicaci\u00f3n que dieron cobertura al evento en territorio veracruzano.<\/p>\n\n\n\n<figure class=\"wp-block-image size-large\"><img loading=\"lazy\" decoding=\"async\" width=\"1024\" height=\"682\" src=\"https:\/\/encuentroinformativo.com.mx\/wp-content\/uploads\/2024\/01\/ba385d64-04c1-4639-bf99-a93f7a69b0ba-1024x682.jpg\" alt=\"\" class=\"wp-image-49210\" srcset=\"https:\/\/encuentroinformativo.com.mx\/wp-content\/uploads\/2024\/01\/ba385d64-04c1-4639-bf99-a93f7a69b0ba-1024x682.jpg 1024w, https:\/\/encuentroinformativo.com.mx\/wp-content\/uploads\/2024\/01\/ba385d64-04c1-4639-bf99-a93f7a69b0ba-300x200.jpg 300w, https:\/\/encuentroinformativo.com.mx\/wp-content\/uploads\/2024\/01\/ba385d64-04c1-4639-bf99-a93f7a69b0ba-768x512.jpg 768w, https:\/\/encuentroinformativo.com.mx\/wp-content\/uploads\/2024\/01\/ba385d64-04c1-4639-bf99-a93f7a69b0ba.jpg 1280w\" sizes=\"auto, (max-width: 1024px) 100vw, 1024px\" \/><\/figure>\n\n\n\n<figure class=\"wp-block-image size-large\"><img loading=\"lazy\" decoding=\"async\" width=\"1024\" height=\"682\" src=\"https:\/\/encuentroinformativo.com.mx\/wp-content\/uploads\/2024\/01\/932af774-4233-4f38-9693-21c1d4aa89be-1024x682.jpg\" alt=\"\" class=\"wp-image-49211\" srcset=\"https:\/\/encuentroinformativo.com.mx\/wp-content\/uploads\/2024\/01\/932af774-4233-4f38-9693-21c1d4aa89be-1024x682.jpg 1024w, https:\/\/encuentroinformativo.com.mx\/wp-content\/uploads\/2024\/01\/932af774-4233-4f38-9693-21c1d4aa89be-300x200.jpg 300w, https:\/\/encuentroinformativo.com.mx\/wp-content\/uploads\/2024\/01\/932af774-4233-4f38-9693-21c1d4aa89be-768x512.jpg 768w, https:\/\/encuentroinformativo.com.mx\/wp-content\/uploads\/2024\/01\/932af774-4233-4f38-9693-21c1d4aa89be.jpg 1280w\" sizes=\"auto, (max-width: 1024px) 100vw, 1024px\" \/><\/figure>\n","protected":false},"excerpt":{"rendered":"<p>Juan Arcos Xalapa, Ver.- Con diversas protestas, sobre todo de familiares de desaparecidos, fue recibido elpresidente de la Rep\u00fablica Andres Manuel L\u00f3pez Obrador, en su visita al municipio de R\u00edo Blanco, en la zona centro del estado de Veracruz, donde se llev\u00f3 a cabo la ceremonia por el 117 aniversario de los M\u00e1rtires de 1907. [&hellip;]<\/p>\n","protected":false},"author":2476,"featured_media":49209,"comment_status":"open","ping_status":"open","sticky":false,"template":"","format":"standard","meta":{"_jetpack_memberships_contains_paid_content":false,"footnotes":""},"categories":[2],"tags":[],"class_list":["post-49208","post","type-post","status-publish","format-standard","has-post-thumbnail","hentry","category-estado"],"jetpack_featured_media_url":"https:\/\/encuentroinformativo.com.mx\/wp-content\/uploads\/2024\/01\/57afed87-435e-44c7-bd9c-c16be3ad6507.jpg","jetpack_sharing_enabled":true,"jetpack_likes_enabled":true,"amp_enabled":true,"_links":{"self":[{"href":"https:\/\/encuentroinformativo.com.mx\/index.php?rest_route=\/wp\/v2\/posts\/49208","targetHints":{"allow":["GET"]}}],"collection":[{"href":"https:\/\/encuentroinformativo.com.mx\/index.php?rest_route=\/wp\/v2\/posts"}],"about":[{"href":"https:\/\/encuentroinformativo.com.mx\/index.php?rest_route=\/wp\/v2\/types\/post"}],"author":[{"embeddable":true,"href":"https:\/\/encuentroinformativo.com.mx\/index.php?rest_route=\/wp\/v2\/users\/2476"}],"replies":[{"embeddable":true,"href":"https:\/\/encuentroinformativo.com.mx\/index.php?rest_route=%2Fwp%2Fv2%2Fcomments&post=49208"}],"version-history":[{"count":1,"href":"https:\/\/encuentroinformativo.com.mx\/index.php?rest_route=\/wp\/v2\/posts\/49208\/revisions"}],"predecessor-version":[{"id":49212,"href":"https:\/\/encuentroinformativo.com.mx\/index.php?rest_route=\/wp\/v2\/posts\/49208\/revisions\/49212"}],"wp:featuredmedia":[{"embeddable":true,"href":"https:\/\/encuentroinformativo.com.mx\/index.php?rest_route=\/wp\/v2\/media\/49209"}],"wp:attachment":[{"href":"https:\/\/encuentroinformativo.com.mx\/index.php?rest_route=%2Fwp%2Fv2%2Fmedia&parent=49208"}],"wp:term":[{"taxonomy":"category","embeddable":true,"href":"https:\/\/encuentroinformativo.com.mx\/index.php?rest_route=%2Fwp%2Fv2%2Fcategories&post=49208"},{"taxonomy":"post_tag","embeddable":true,"href":"https:\/\/encuentroinformativo.com.mx\/index.php?rest_route=%2Fwp%2Fv2%2Ftags&post=49208"}],"curies":[{"name":"wp","href":"https:\/\/api.w.org\/{rel}","templated":true}]}}