{"id":49223,"date":"2024-01-08T11:12:38","date_gmt":"2024-01-08T17:12:38","guid":{"rendered":"https:\/\/encuentroinformativo.com.mx\/?p=49223"},"modified":"2024-01-08T11:12:43","modified_gmt":"2024-01-08T17:12:43","slug":"aumento-de-salario-minimo-traeria-eventualmente-desempleo-en-mexico-cometur","status":"publish","type":"post","link":"https:\/\/encuentroinformativo.com.mx\/?p=49223","title":{"rendered":"Aumento de salario m\u00ednimo traer\u00eda eventualmente desempleo en M\u00e9xico: COMETUR"},"content":{"rendered":"\n<p><strong>Alejandro \u00c1vila<\/strong><\/p>\n\n\n\n<p>Veracruz, Ver.- El nuevo aumento del 20 por ciento al salario m\u00ednimo traer\u00eda consecuencias graves para los empresarios, tales como, recorte de personal, mencion\u00f3 el presidente del Consejo Metropolitano de Turismo (COMETUR), Sergio Lois Heredia.<\/p>\n\n\n\n<p>El empresario hotelero dijo que esta situaci\u00f3n no solo afecta al rubro tur\u00edstico, sino tambi\u00e9n a otro tipo de industrias; ya que si bien el aumento al salario m\u00ednimo era necesario, el crecimiento del 20 por ciento anual durante los \u00faltimos cinco a\u00f1os, dejar\u00e1 una probable inflaci\u00f3n en este 2024.<\/p>\n\n\n\n<p>&#8220;Pero ya el aumento de este a\u00f1o s\u00ed va a traer repercusiones en lo que es la econom\u00eda. Tendremos que estar muy pendientes, tendremos que ver qu\u00e9 es lo que dicen los expertos, pero creo que ahora s\u00ed el sector empresarial se puede ver afectado con esto, e incluso se pueden empezar a asomar, cada quien tendr\u00e1 que tomar su decisi\u00f3n, pero creo que se pueden empezar a asomar hasta incluso algunos recortes en el personal, para que las empresas contin\u00faen siendo redituables. Hay algunas empresas que manejan m\u00e1rgenes muy peque\u00f1os de utilidad y que con aumentos de este tipo, muy probablemente se vean en la necesidad de hacer eso, no digo que todos&#8221;, asest\u00f3.<\/p>\n\n\n\n<p>Sergio Lois Heredia, mencion\u00f3 que existe tambi\u00e9n la posibilidad de que varias empresas ajusten sus precios y aumenten sus servicios o productos para poder solventar este aumento al salario m\u00ednimo.<\/p>\n\n\n\n<p>&#8220;A medida de que las empresas, las marcas vayan aumentando sus precios para actualizarse con respecto a esto, es como se pudiese llegar a sumar una inflaci\u00f3n ahora s\u00ed durante este a\u00f1o, los anteriores a\u00f1os tambi\u00e9n se ha sentido una inflaci\u00f3n, sin embargo creo que no ha sido un golpe tan brutal para lo que es el sector. Reitero, creo que era necesario actualizar el salario m\u00ednimo, sin embargo, s\u00ed creo que este aumento de este a\u00f1o me parece que estuvo de m\u00e1s&#8221;, culmin\u00f3.<\/p>\n\n\n\n<p>Para este 2024 los empleadores tendr\u00e1n que pagar en la zona que le corresponde a Veracruz un salario de 250 pesos por d\u00eda; esto sin contar los aumentos que por consecuencia tendr\u00e1n que pagar al IMSS e Infonavit.<\/p>\n","protected":false},"excerpt":{"rendered":"<p>Alejandro \u00c1vila Veracruz, Ver.- El nuevo aumento del 20 por ciento al salario m\u00ednimo traer\u00eda consecuencias graves para los empresarios, tales como, recorte de personal, mencion\u00f3 el presidente del Consejo Metropolitano de Turismo (COMETUR), Sergio Lois Heredia. El empresario hotelero dijo que esta situaci\u00f3n no solo afecta al rubro tur\u00edstico, sino tambi\u00e9n a otro tipo [&hellip;]<\/p>\n","protected":false},"author":2476,"featured_media":49224,"comment_status":"open","ping_status":"open","sticky":false,"template":"","format":"standard","meta":{"_jetpack_memberships_contains_paid_content":false,"footnotes":""},"categories":[2],"tags":[],"class_list":["post-49223","post","type-post","status-publish","format-standard","has-post-thumbnail","hentry","category-estado"],"jetpack_featured_media_url":"https:\/\/encuentroinformativo.com.mx\/wp-content\/uploads\/2024\/01\/IMG-20240108-WA0038.jpg","jetpack_sharing_enabled":true,"jetpack_likes_enabled":true,"amp_enabled":true,"_links":{"self":[{"href":"https:\/\/encuentroinformativo.com.mx\/index.php?rest_route=\/wp\/v2\/posts\/49223","targetHints":{"allow":["GET"]}}],"collection":[{"href":"https:\/\/encuentroinformativo.com.mx\/index.php?rest_route=\/wp\/v2\/posts"}],"about":[{"href":"https:\/\/encuentroinformativo.com.mx\/index.php?rest_route=\/wp\/v2\/types\/post"}],"author":[{"embeddable":true,"href":"https:\/\/encuentroinformativo.com.mx\/index.php?rest_route=\/wp\/v2\/users\/2476"}],"replies":[{"embeddable":true,"href":"https:\/\/encuentroinformativo.com.mx\/index.php?rest_route=%2Fwp%2Fv2%2Fcomments&post=49223"}],"version-history":[{"count":1,"href":"https:\/\/encuentroinformativo.com.mx\/index.php?rest_route=\/wp\/v2\/posts\/49223\/revisions"}],"predecessor-version":[{"id":49225,"href":"https:\/\/encuentroinformativo.com.mx\/index.php?rest_route=\/wp\/v2\/posts\/49223\/revisions\/49225"}],"wp:featuredmedia":[{"embeddable":true,"href":"https:\/\/encuentroinformativo.com.mx\/index.php?rest_route=\/wp\/v2\/media\/49224"}],"wp:attachment":[{"href":"https:\/\/encuentroinformativo.com.mx\/index.php?rest_route=%2Fwp%2Fv2%2Fmedia&parent=49223"}],"wp:term":[{"taxonomy":"category","embeddable":true,"href":"https:\/\/encuentroinformativo.com.mx\/index.php?rest_route=%2Fwp%2Fv2%2Fcategories&post=49223"},{"taxonomy":"post_tag","embeddable":true,"href":"https:\/\/encuentroinformativo.com.mx\/index.php?rest_route=%2Fwp%2Fv2%2Ftags&post=49223"}],"curies":[{"name":"wp","href":"https:\/\/api.w.org\/{rel}","templated":true}]}}