{"id":49226,"date":"2024-01-08T11:25:18","date_gmt":"2024-01-08T17:25:18","guid":{"rendered":"https:\/\/encuentroinformativo.com.mx\/?p=49226"},"modified":"2024-01-08T11:25:22","modified_gmt":"2024-01-08T17:25:22","slug":"abucheos-en-mi-contra-por-tiempos-electorales-segun-cuitlahuac","status":"publish","type":"post","link":"https:\/\/encuentroinformativo.com.mx\/?p=49226","title":{"rendered":"Abucheos en mi contra, por tiempos electorales; seg\u00fan Cuitl\u00e1huac"},"content":{"rendered":"\n<p><strong>Dar\u00edo Pale <\/strong><\/p>\n\n\n\n<p>Xalapa, Ver.- Abucheo porque son tiempos electorales, rechaz\u00f3 que haya descontento de trabajadores obligados a acudir a eventos, as\u00ed lo se\u00f1al\u00f3 el gobernador Cuitlahuac Garc\u00eda Jim\u00e9nez.<\/p>\n\n\n\n<p>En conferencia de prensa dio a conocer que tras el abucheo en su contra en el evento del 117 aniversario de los M\u00e1rtires de R\u00edo Blanco, el gobernador asegur\u00f3 que fue porque &#8220;estamos en tiempos electorales&#8221;.<\/p>\n\n\n\n<p>Por lo que presumi\u00f3 que es un gobernante diferente, no es corrupto ni se ha robado los recursos p\u00fablicos para la compra de propiedades en distintas partes del mundo.<\/p>\n\n\n\n<p>&#8220;Podr\u00e1n se\u00f1alar mis adversarios y quien opine diferente que yo, pero no podr\u00e1n negar lo que hemos alcanzado. Podr\u00e1n incluso algunos pagar medios para azuzarlos para que se manifiesten en contra, pero gozaron de la libertad&#8221;, se\u00f1al\u00f3.<\/p>\n\n\n\n<p>&#8220;Podr\u00e1n se\u00f1alarme de lo que gusten, pero no (no hay descontento). F\u00edjense que algunos van a opinar y, ahorita que son \u00e9pocas electorales hay esa libertad&#8221;, agreg\u00f3.<\/p>\n\n\n\n<p>Insisti\u00f3 en que no es como los que lo antecedieron, no es &#8220;tranza&#8221; y no se ha corrompido en el tiempo que lleva en el servicio p\u00fablico.<\/p>\n\n\n\n<p>Ah\u00ed tambi\u00e9n trajo a colaci\u00f3n que los exgobernadores solicitaron cr\u00e9ditos antes de terminar sus encargos, mientras que durante su gesti\u00f3n hay finanzas &#8220;m\u00e1s sanas&#8221;.<\/p>\n\n\n\n<p>Incluso, por primera vez ya no se pidi\u00f3 cr\u00e9dito para el pago de prestaciones de fin de a\u00f1o a los trabajadores.<\/p>\n\n\n\n<p>Celebr\u00f3 que no hayan abucheado o atacado al presidente Andr\u00e9s Manuel L\u00f3pez Obrador, ah\u00ed aprovech\u00f3 para presumir que es el mejor presidente de la historia de M\u00e9xico.<\/p>\n\n\n\n<p>Finalmente se\u00f1al\u00f3, &#8220;ya lo estuve valorando, sopesando, tenemos a grandes presidentes, est\u00e1 Benito Ju\u00e1rez, Francisco I. Madero, L\u00e1zaro C\u00e1rdenas, valorando a otros, estoy hablando del top 5 de presidentes&#8221;.<\/p>\n","protected":false},"excerpt":{"rendered":"<p>Dar\u00edo Pale Xalapa, Ver.- Abucheo porque son tiempos electorales, rechaz\u00f3 que haya descontento de trabajadores obligados a acudir a eventos, as\u00ed lo se\u00f1al\u00f3 el gobernador Cuitlahuac Garc\u00eda Jim\u00e9nez. En conferencia de prensa dio a conocer que tras el abucheo en su contra en el evento del 117 aniversario de los M\u00e1rtires de R\u00edo Blanco, el [&hellip;]<\/p>\n","protected":false},"author":2476,"featured_media":49227,"comment_status":"open","ping_status":"open","sticky":false,"template":"","format":"standard","meta":{"_jetpack_memberships_contains_paid_content":false,"footnotes":""},"categories":[2],"tags":[],"class_list":["post-49226","post","type-post","status-publish","format-standard","has-post-thumbnail","hentry","category-estado"],"jetpack_featured_media_url":"https:\/\/encuentroinformativo.com.mx\/wp-content\/uploads\/2024\/01\/IMG-20240108-WA00392.jpg","jetpack_sharing_enabled":true,"jetpack_likes_enabled":true,"amp_enabled":true,"_links":{"self":[{"href":"https:\/\/encuentroinformativo.com.mx\/index.php?rest_route=\/wp\/v2\/posts\/49226","targetHints":{"allow":["GET"]}}],"collection":[{"href":"https:\/\/encuentroinformativo.com.mx\/index.php?rest_route=\/wp\/v2\/posts"}],"about":[{"href":"https:\/\/encuentroinformativo.com.mx\/index.php?rest_route=\/wp\/v2\/types\/post"}],"author":[{"embeddable":true,"href":"https:\/\/encuentroinformativo.com.mx\/index.php?rest_route=\/wp\/v2\/users\/2476"}],"replies":[{"embeddable":true,"href":"https:\/\/encuentroinformativo.com.mx\/index.php?rest_route=%2Fwp%2Fv2%2Fcomments&post=49226"}],"version-history":[{"count":1,"href":"https:\/\/encuentroinformativo.com.mx\/index.php?rest_route=\/wp\/v2\/posts\/49226\/revisions"}],"predecessor-version":[{"id":49228,"href":"https:\/\/encuentroinformativo.com.mx\/index.php?rest_route=\/wp\/v2\/posts\/49226\/revisions\/49228"}],"wp:featuredmedia":[{"embeddable":true,"href":"https:\/\/encuentroinformativo.com.mx\/index.php?rest_route=\/wp\/v2\/media\/49227"}],"wp:attachment":[{"href":"https:\/\/encuentroinformativo.com.mx\/index.php?rest_route=%2Fwp%2Fv2%2Fmedia&parent=49226"}],"wp:term":[{"taxonomy":"category","embeddable":true,"href":"https:\/\/encuentroinformativo.com.mx\/index.php?rest_route=%2Fwp%2Fv2%2Fcategories&post=49226"},{"taxonomy":"post_tag","embeddable":true,"href":"https:\/\/encuentroinformativo.com.mx\/index.php?rest_route=%2Fwp%2Fv2%2Ftags&post=49226"}],"curies":[{"name":"wp","href":"https:\/\/api.w.org\/{rel}","templated":true}]}}