{"id":49237,"date":"2024-01-08T15:35:58","date_gmt":"2024-01-08T21:35:58","guid":{"rendered":"https:\/\/encuentroinformativo.com.mx\/?p=49237"},"modified":"2024-01-08T15:36:02","modified_gmt":"2024-01-08T21:36:02","slug":"desaparicion-de-personas-en-mendoza-por-disputa-de-bandas-gobernador","status":"publish","type":"post","link":"https:\/\/encuentroinformativo.com.mx\/?p=49237","title":{"rendered":"Desaparici\u00f3n de personas en Mendoza, por disputa de bandas: Gobernador"},"content":{"rendered":"\n<p><strong>Dar\u00edo Pale <\/strong><\/p>\n\n\n\n<p>Xalapa, Ver.- Desaparici\u00f3n de las 4 personas en Mendoza fue por disputa de dos bandas del crimen organizado, confirm\u00f3 que Antonio S\u00e1nchez L\u00f3pez, uno de los desaparecidos est\u00e1 relacionado con El Bukanas, as\u00ed lo dio a conocer el gobernador Cuitl\u00e1huac Garc\u00eda Jim\u00e9nez.<\/p>\n\n\n\n<p>En conferencia de prensa confirm\u00f3 que la desaparici\u00f3n de cuatro personas en el municipio de Ciudad Mendoza, el pasado 8 de diciembre, es por la disputa de dos bandas del crimen organizado, confirm\u00f3 que al menos Antonio S\u00e1nchez L\u00f3pez, estar\u00eda relacionado con Roberto de los Santos, alias el &#8220;Bukanas&#8221;.<\/p>\n\n\n\n<p>Mostr\u00f3 una fotograf\u00eda de S\u00e1nchez L\u00f3pez junto con el presunto integrante de la delincuencia organizada, pero que no pod\u00eda confirmar si los familiares de S\u00e1nchez L\u00f3pez estar\u00edan involucrados en esa relaci\u00f3n con el presunto delincuente.<\/p>\n\n\n\n<p>Lo que s\u00ed pudo confirmar es la hip\u00f3tesis de que la \u00a0 desaparici\u00f3n de cuatro personas en ese municipio est\u00e1 relacionada con la disputa de dos bandas de la delincuencia organizada.<\/p>\n\n\n\n<p>Fue ah\u00ed donde mostr\u00f3 la foto de Antonio S\u00e1nchez L\u00f3pez junto a El Bukanas.<\/p>\n\n\n\n<p>&#8220;No olvidemos que la Fiscal inform\u00f3 que Antonio S\u00e1nchez L\u00f3pez, una de las v\u00edctimas, fue uno de los detenidos por el Tr\u00e1nsito Municipal y que en su apoyo asisten las otras tres v\u00edctimas a la direcci\u00f3n de Tr\u00e1nsito&#8221;, se\u00f1al\u00f3.<\/p>\n\n\n\n<p>&#8220;Fue El Bukanas el que llama a Tr\u00e1nsito Municipal en defensa de dicha persona retenida. Lo que nosotros sospechamos es que en venganza es que asesinan al agente de Tr\u00e1nsito&#8221;, agreg\u00f3.<\/p>\n\n\n\n<p>El Mandatario dijo que entonces la sospecha es que los agentes de Tr\u00e1nsito se llevan a las cuatro v\u00edctimas en venganza por el homicidio de su compa\u00f1ero.<\/p>\n\n\n\n<p>Dijo que una de las preguntas es qu\u00e9 relaci\u00f3n tendr\u00edan los detenidos en virtud de que El Bukanas llama a la dependencia estatal.<\/p>\n\n\n\n<p>De esa manera indic\u00f3 que la otra hip\u00f3tesis es que el grupo de agentes de Tr\u00e1nsito operaban para un grupo de la delincuencia organizada contrario a El Bukanas.<\/p>\n\n\n\n<p>Finalmente por otra parte, nuevamente esquiv\u00f3 responder si el alcalde de Mendoza, H\u00e9ctor Rodr\u00edguez Cort\u00e9s, hermano del procurador del Medio Ambiente, \u00a0estar\u00eda siendo investigado, ya que es algo que tiene que informar la Fiscal\u00eda General del Estado.<\/p>\n","protected":false},"excerpt":{"rendered":"<p>Dar\u00edo Pale Xalapa, Ver.- Desaparici\u00f3n de las 4 personas en Mendoza fue por disputa de dos bandas del crimen organizado, confirm\u00f3 que Antonio S\u00e1nchez L\u00f3pez, uno de los desaparecidos est\u00e1 relacionado con El Bukanas, as\u00ed lo dio a conocer el gobernador Cuitl\u00e1huac Garc\u00eda Jim\u00e9nez. En conferencia de prensa confirm\u00f3 que la desaparici\u00f3n de cuatro personas [&hellip;]<\/p>\n","protected":false},"author":2476,"featured_media":49238,"comment_status":"open","ping_status":"open","sticky":false,"template":"","format":"standard","meta":{"_jetpack_memberships_contains_paid_content":false,"footnotes":""},"categories":[2],"tags":[],"class_list":["post-49237","post","type-post","status-publish","format-standard","has-post-thumbnail","hentry","category-estado"],"jetpack_featured_media_url":"https:\/\/encuentroinformativo.com.mx\/wp-content\/uploads\/2024\/01\/IMG-20240108-WA00432.jpg","jetpack_sharing_enabled":true,"jetpack_likes_enabled":true,"amp_enabled":true,"_links":{"self":[{"href":"https:\/\/encuentroinformativo.com.mx\/index.php?rest_route=\/wp\/v2\/posts\/49237","targetHints":{"allow":["GET"]}}],"collection":[{"href":"https:\/\/encuentroinformativo.com.mx\/index.php?rest_route=\/wp\/v2\/posts"}],"about":[{"href":"https:\/\/encuentroinformativo.com.mx\/index.php?rest_route=\/wp\/v2\/types\/post"}],"author":[{"embeddable":true,"href":"https:\/\/encuentroinformativo.com.mx\/index.php?rest_route=\/wp\/v2\/users\/2476"}],"replies":[{"embeddable":true,"href":"https:\/\/encuentroinformativo.com.mx\/index.php?rest_route=%2Fwp%2Fv2%2Fcomments&post=49237"}],"version-history":[{"count":1,"href":"https:\/\/encuentroinformativo.com.mx\/index.php?rest_route=\/wp\/v2\/posts\/49237\/revisions"}],"predecessor-version":[{"id":49239,"href":"https:\/\/encuentroinformativo.com.mx\/index.php?rest_route=\/wp\/v2\/posts\/49237\/revisions\/49239"}],"wp:featuredmedia":[{"embeddable":true,"href":"https:\/\/encuentroinformativo.com.mx\/index.php?rest_route=\/wp\/v2\/media\/49238"}],"wp:attachment":[{"href":"https:\/\/encuentroinformativo.com.mx\/index.php?rest_route=%2Fwp%2Fv2%2Fmedia&parent=49237"}],"wp:term":[{"taxonomy":"category","embeddable":true,"href":"https:\/\/encuentroinformativo.com.mx\/index.php?rest_route=%2Fwp%2Fv2%2Fcategories&post=49237"},{"taxonomy":"post_tag","embeddable":true,"href":"https:\/\/encuentroinformativo.com.mx\/index.php?rest_route=%2Fwp%2Fv2%2Ftags&post=49237"}],"curies":[{"name":"wp","href":"https:\/\/api.w.org\/{rel}","templated":true}]}}