{"id":49243,"date":"2024-01-08T17:09:48","date_gmt":"2024-01-08T23:09:48","guid":{"rendered":"https:\/\/encuentroinformativo.com.mx\/?p=49243"},"modified":"2024-01-08T17:09:52","modified_gmt":"2024-01-08T23:09:52","slug":"despues-de-17-anos-confian-deudores-en-reclasificacion-de-tarifas-electricas","status":"publish","type":"post","link":"https:\/\/encuentroinformativo.com.mx\/?p=49243","title":{"rendered":"Despu\u00e9s de 17 a\u00f1os, conf\u00edan deudores en reclasificaci\u00f3n de tarifas el\u00e9ctricas"},"content":{"rendered":"\n<p><strong>Juan  Arcos <\/strong><\/p>\n\n\n\n<p>Xalapa, Ver.- Despu\u00e9s de 17 a\u00f1os de lucha social, se espera que la reclasificaci\u00f3n de las tarifas el\u00e9ctricas en Veracruz sea una realidad, expres\u00f3 Jorge Morales Barradas, vocero del movimiento de resistencia civil \u201cLa leyenda de Chucho El Roto\u201d.<\/p>\n\n\n\n<p>Se ha propuesto un estudio de temperaturas y medio ambiente como una posible soluci\u00f3n, y hay esperanza de que esto pueda concretarse en beneficio de los veracruzanos.<\/p>\n\n\n\n<p>&#8220;Tenemos la esperanza el sue\u00f1o de que realmente este tema de la reclasificaci\u00f3n de tarifas el\u00e9ctricas para veracruz pues se vea reflejado y se vea cumplido para los veracruzanos hay algunas propuestas pero una muy importante, una propuesta muy importante que va encaminada para la reclasificaci\u00f3n de tarifas el\u00e9ctricas es el estudio de temperaturas, medio ambiente, ese estudio de temperaturas\u201d, expres\u00f3.<\/p>\n\n\n\n<p>Veracruz es un estado productor de energ\u00eda y tiene la \u00fanica planta generadora de energ\u00eda el\u00e9ctrica, Laguna Verde, ubicada en Palma Sola, municipio de Alto Lucero, en la zona costera central del estado de Veracruz.<\/p>\n\n\n\n<p>&#8220;El calentamiento global y el cambio clim\u00e1tico nos dan la certeza de que este anhelo puede cumplirse. Seguiremos luchando a trav\u00e9s de la asociaci\u00f3n Chucho el Roto y buscando la unidad\u201d, expres\u00f3.<\/p>\n\n\n\n<p>El tambi\u00e9n Secretario General del movimiento de resistencia civil \u201cLa leyenda de Chucho El Roto\u201d dijo confiar en que el presidente Andr\u00e9s Manuel L\u00f3pez Obrador cumplir\u00e1 su palabra y ser\u00e1n reclasificadas las tarifas.<\/p>\n\n\n\n<p>\u201cCumplir con los principios de no mentir, no robar y no traicionar es fundamental para cualquier persona en una posici\u00f3n pol\u00edtica o administrativa. Chucho el Roto seguir\u00e1 clamando por justicia para las familias de Veracruz\u201d, agreg\u00f3.<\/p>\n\n\n\n<p>La planta de Laguna Verde produce m\u00e1s del 16 por ciento de la energ\u00eda el\u00e9ctrica que consume el pa\u00eds. Alrededor de los 60 kil\u00f3metros est\u00e1n incluidos 25 de los 212 municipios que conforman el estado de Veracruz y que ser\u00edan beneficiados con las nuevas tarifas.<\/p>\n","protected":false},"excerpt":{"rendered":"<p>Juan Arcos Xalapa, Ver.- Despu\u00e9s de 17 a\u00f1os de lucha social, se espera que la reclasificaci\u00f3n de las tarifas el\u00e9ctricas en Veracruz sea una realidad, expres\u00f3 Jorge Morales Barradas, vocero del movimiento de resistencia civil \u201cLa leyenda de Chucho El Roto\u201d. Se ha propuesto un estudio de temperaturas y medio ambiente como una posible soluci\u00f3n, [&hellip;]<\/p>\n","protected":false},"author":2476,"featured_media":49244,"comment_status":"open","ping_status":"open","sticky":false,"template":"","format":"standard","meta":{"_jetpack_memberships_contains_paid_content":false,"footnotes":""},"categories":[2],"tags":[],"class_list":["post-49243","post","type-post","status-publish","format-standard","has-post-thumbnail","hentry","category-estado"],"jetpack_featured_media_url":"https:\/\/encuentroinformativo.com.mx\/wp-content\/uploads\/2024\/01\/51b4769f-f00b-441c-b4ac-cea8380df07a.jpg","jetpack_sharing_enabled":true,"jetpack_likes_enabled":true,"amp_enabled":true,"_links":{"self":[{"href":"https:\/\/encuentroinformativo.com.mx\/index.php?rest_route=\/wp\/v2\/posts\/49243","targetHints":{"allow":["GET"]}}],"collection":[{"href":"https:\/\/encuentroinformativo.com.mx\/index.php?rest_route=\/wp\/v2\/posts"}],"about":[{"href":"https:\/\/encuentroinformativo.com.mx\/index.php?rest_route=\/wp\/v2\/types\/post"}],"author":[{"embeddable":true,"href":"https:\/\/encuentroinformativo.com.mx\/index.php?rest_route=\/wp\/v2\/users\/2476"}],"replies":[{"embeddable":true,"href":"https:\/\/encuentroinformativo.com.mx\/index.php?rest_route=%2Fwp%2Fv2%2Fcomments&post=49243"}],"version-history":[{"count":1,"href":"https:\/\/encuentroinformativo.com.mx\/index.php?rest_route=\/wp\/v2\/posts\/49243\/revisions"}],"predecessor-version":[{"id":49245,"href":"https:\/\/encuentroinformativo.com.mx\/index.php?rest_route=\/wp\/v2\/posts\/49243\/revisions\/49245"}],"wp:featuredmedia":[{"embeddable":true,"href":"https:\/\/encuentroinformativo.com.mx\/index.php?rest_route=\/wp\/v2\/media\/49244"}],"wp:attachment":[{"href":"https:\/\/encuentroinformativo.com.mx\/index.php?rest_route=%2Fwp%2Fv2%2Fmedia&parent=49243"}],"wp:term":[{"taxonomy":"category","embeddable":true,"href":"https:\/\/encuentroinformativo.com.mx\/index.php?rest_route=%2Fwp%2Fv2%2Fcategories&post=49243"},{"taxonomy":"post_tag","embeddable":true,"href":"https:\/\/encuentroinformativo.com.mx\/index.php?rest_route=%2Fwp%2Fv2%2Ftags&post=49243"}],"curies":[{"name":"wp","href":"https:\/\/api.w.org\/{rel}","templated":true}]}}