{"id":49246,"date":"2024-01-08T11:12:07","date_gmt":"2024-01-08T17:12:07","guid":{"rendered":"https:\/\/encuentroinformativo.com.mx\/?p=49246"},"modified":"2024-01-08T17:18:44","modified_gmt":"2024-01-08T23:18:44","slug":"intervendra-asipona-en-cambio-de-red-hidraulica-del-centro-historico-de-veracruz","status":"publish","type":"post","link":"https:\/\/encuentroinformativo.com.mx\/?p=49246","title":{"rendered":"Intervendr\u00e1 ASIPONA en cambio de red hidr\u00e1ulica del Centro Hist\u00f3rico de Veracruz"},"content":{"rendered":"\n<p><strong>Alejandro \u00c1vila<\/strong><\/p>\n\n\n\n<p>Veracruz, Ver.- La Administraci\u00f3n del Sistema Portuario Nacional (ASIPONA) en Veracruz realizar\u00e1 un colector debajo de la Plaza del Hero\u00edsmo, al cual se conectar\u00e1n el resto de los colectores que har\u00e1 el Ayuntamiento de Veracruz durante es de 2024, inform\u00f3 la alcaldesa, Patricia Lobeira Rodr\u00edguez.<\/p>\n\n\n\n<p>De esta manera se comenzar\u00e1 a modificar y modernizar la red hidr\u00e1ulica de todo el Centro Hist\u00f3rico de Veracruz, la cual ya es obsoleta desde hace varias d\u00e9cadas.<\/p>\n\n\n\n<p>&#8220;Algo todav\u00eda m\u00e1s importante es que ASIPONA va a hacer un colector que necesita el Centro Hist\u00f3rico, y que ese colector se va a conectar con nuestros colectores que vamos a estar haciendo en este 2024, para precisamente mejorar toda la infraestructura hidr\u00e1ulica del Centro y de toda la ciudad&#8221;, puntualiz\u00f3 al edil panista.<\/p>\n\n\n\n<p>Paty Lobeira, mencion\u00f3 que en este 2024 se iniciar\u00e1 la segunda etapa de la rehabilitaci\u00f3n del parque Zamora, el cual consiste en la reforestaci\u00f3n del parque; aunado a ello comenzar\u00e1n con el proyecto de embellecimiento del Centro Hist\u00f3rico, que contempla el cambio de la infraestructura hidr\u00e1ulica en el primer cuadro de la ciudad.<\/p>\n\n\n\n<p>&#8220;Ese proyecto de Centro Hist\u00f3rico no es nada m\u00e1s embellecer al Centro Hist\u00f3rico, es crear una infraestructura hidr\u00e1ulica ya adecuada, entonces es por eso que es tan beneficioso este proyecto, porque adem\u00e1s de que le vamos a cambiar, a mejorar la cara a nuestro Centro Hist\u00f3rico, adem\u00e1s vamos a estar mejorando todo lo hidr\u00e1ulico y todo lo que est\u00e1 abajo de nuestra ciudad, que no se ve pero que s\u00ed se siente&#8221;, enfatiz\u00f3.<\/p>\n\n\n\n<p>La presidenta municipal de Veracruz asegur\u00f3 que existe total sinergia entre el proyecto presentado por la ASIPONA y el Ayuntamiento de Veracruz, con el objwtivo de brindar un espacio p\u00fablico adecuado y mejorar la infraestructura del Centro Hist\u00f3rico, como desde hace a\u00f1os se ven\u00eda planeando.<\/p>\n\n\n\n<p>&#8220;Ya hay acuerdos, sin embargo ese tema le corresponde a ASIPONA puesto que est\u00e1 en zona federal, lo que es muy importante aclarar es que es un proyecto que va en beneficio de todos los veracruzanos, no nada m\u00e1s porque se le va a devolver ese espacio p\u00fablico a todos los veracruzanos, es un proyecto noble, que es para todos nosotros, para todos los veracruzanos, pero que adem\u00e1s es important\u00edsimo en cuestiones de seguridad y protecci\u00f3n civil por el tema del colector hidr\u00e1ulico que va a ir debajo de esa plaza. Entonces es muy importante que nosotros como veracruzanos apoyemos y cerremos filas en cuanto a ese proyecto, por qu\u00e9 ese colector que ellos van a trazar ah\u00ed es el que tambi\u00e9n se une con los que nosotros vamos a estar haciendo en 2024, y que seguramente m\u00e1s adelante se necesitan otros colectores, entonces es pr\u00e1cticamente la base de todos los colectores que se van a necesitar aqu\u00ed en la ciudad&#8221;, culmin\u00f3.<\/p>\n","protected":false},"excerpt":{"rendered":"<p>Alejandro \u00c1vila Veracruz, Ver.- La Administraci\u00f3n del Sistema Portuario Nacional (ASIPONA) en Veracruz realizar\u00e1 un colector debajo de la Plaza del Hero\u00edsmo, al cual se conectar\u00e1n el resto de los colectores que har\u00e1 el Ayuntamiento de Veracruz durante es de 2024, inform\u00f3 la alcaldesa, Patricia Lobeira Rodr\u00edguez. De esta manera se comenzar\u00e1 a modificar y [&hellip;]<\/p>\n","protected":false},"author":2476,"featured_media":49247,"comment_status":"open","ping_status":"open","sticky":false,"template":"","format":"standard","meta":{"_jetpack_memberships_contains_paid_content":false,"footnotes":""},"categories":[2],"tags":[],"class_list":["post-49246","post","type-post","status-publish","format-standard","has-post-thumbnail","hentry","category-estado"],"jetpack_featured_media_url":"https:\/\/encuentroinformativo.com.mx\/wp-content\/uploads\/2024\/01\/IMG-20240108-WA00402.jpg","jetpack_sharing_enabled":true,"jetpack_likes_enabled":true,"amp_enabled":true,"_links":{"self":[{"href":"https:\/\/encuentroinformativo.com.mx\/index.php?rest_route=\/wp\/v2\/posts\/49246","targetHints":{"allow":["GET"]}}],"collection":[{"href":"https:\/\/encuentroinformativo.com.mx\/index.php?rest_route=\/wp\/v2\/posts"}],"about":[{"href":"https:\/\/encuentroinformativo.com.mx\/index.php?rest_route=\/wp\/v2\/types\/post"}],"author":[{"embeddable":true,"href":"https:\/\/encuentroinformativo.com.mx\/index.php?rest_route=\/wp\/v2\/users\/2476"}],"replies":[{"embeddable":true,"href":"https:\/\/encuentroinformativo.com.mx\/index.php?rest_route=%2Fwp%2Fv2%2Fcomments&post=49246"}],"version-history":[{"count":1,"href":"https:\/\/encuentroinformativo.com.mx\/index.php?rest_route=\/wp\/v2\/posts\/49246\/revisions"}],"predecessor-version":[{"id":49248,"href":"https:\/\/encuentroinformativo.com.mx\/index.php?rest_route=\/wp\/v2\/posts\/49246\/revisions\/49248"}],"wp:featuredmedia":[{"embeddable":true,"href":"https:\/\/encuentroinformativo.com.mx\/index.php?rest_route=\/wp\/v2\/media\/49247"}],"wp:attachment":[{"href":"https:\/\/encuentroinformativo.com.mx\/index.php?rest_route=%2Fwp%2Fv2%2Fmedia&parent=49246"}],"wp:term":[{"taxonomy":"category","embeddable":true,"href":"https:\/\/encuentroinformativo.com.mx\/index.php?rest_route=%2Fwp%2Fv2%2Fcategories&post=49246"},{"taxonomy":"post_tag","embeddable":true,"href":"https:\/\/encuentroinformativo.com.mx\/index.php?rest_route=%2Fwp%2Fv2%2Ftags&post=49246"}],"curies":[{"name":"wp","href":"https:\/\/api.w.org\/{rel}","templated":true}]}}