{"id":49254,"date":"2024-01-09T12:33:21","date_gmt":"2024-01-09T18:33:21","guid":{"rendered":"https:\/\/encuentroinformativo.com.mx\/?p=49254"},"modified":"2024-01-09T12:33:26","modified_gmt":"2024-01-09T18:33:26","slug":"escoltas-de-periodista-deben-responder-por-disparos-en-poza-rica","status":"publish","type":"post","link":"https:\/\/encuentroinformativo.com.mx\/?p=49254","title":{"rendered":"Escoltas de periodista deben responder por disparos en Poza Rica"},"content":{"rendered":"\n<p>Xalapa, Ver.- El gobernador Cuitl\u00e1huac Garc\u00eda Jim\u00e9nez descart\u00f3 foco rojo en Poza Rica tras el incidente en el que escoltas de un reportero dispararon contra una camioneta en el estacionamiento de conocida plaza comercial; sin embargo, manifest\u00f3 que deben aclarar por qu\u00e9 lo hicieron y despu\u00e9s agredieron a elementos de Seguridad P\u00fablica.<\/p>\n\n\n\n<p>Entrevistado en la capital del estado, lament\u00f3 el actuar de estas personas que no quieren hacerse responsables de los da\u00f1os a dicho veh\u00edculo y otros por los que ya existen quejas de sus due\u00f1os; en este sentido, pidi\u00f3 que primero aclaren la posesi\u00f3n de las armas y el hecho de accionarlas de manera evidente.<\/p>\n\n\n\n<p>Asimismo, instruy\u00f3 al secretario de Gobierno, Carlos Alberto Ju\u00e1rez Gil, coordinarse con la Comisi\u00f3n Estatal para la Atenci\u00f3n y Protecci\u00f3n de los Periodistas (CEAPP) a fin de revisar el esquema de resguardo al reportero y familiares, as\u00ed como esclarecer la situaci\u00f3n en un comunicado.<\/p>\n\n\n\n<p>\u201cPor fortuna, no hirieron a nadie pero est\u00e1n las evidencias de los disparos, adem\u00e1s de que agredieron a los elementos; despu\u00e9s montaron una campa\u00f1a distinta pero ya est\u00e1n puestos a disposici\u00f3n de la Fiscal\u00eda General del Estado para responder por los da\u00f1os\u201d, concluy\u00f3.<\/p>\n","protected":false},"excerpt":{"rendered":"<p>Xalapa, Ver.- El gobernador Cuitl\u00e1huac Garc\u00eda Jim\u00e9nez descart\u00f3 foco rojo en Poza Rica tras el incidente en el que escoltas de un reportero dispararon contra una camioneta en el estacionamiento de conocida plaza comercial; sin embargo, manifest\u00f3 que deben aclarar por qu\u00e9 lo hicieron y despu\u00e9s agredieron a elementos de Seguridad P\u00fablica. Entrevistado en la [&hellip;]<\/p>\n","protected":false},"author":2476,"featured_media":49255,"comment_status":"open","ping_status":"open","sticky":false,"template":"","format":"standard","meta":{"_jetpack_memberships_contains_paid_content":false,"footnotes":""},"categories":[2],"tags":[],"class_list":["post-49254","post","type-post","status-publish","format-standard","has-post-thumbnail","hentry","category-estado"],"jetpack_featured_media_url":"https:\/\/encuentroinformativo.com.mx\/wp-content\/uploads\/2024\/01\/IMG-20240109-WA00442.jpg","jetpack_sharing_enabled":true,"jetpack_likes_enabled":true,"amp_enabled":true,"_links":{"self":[{"href":"https:\/\/encuentroinformativo.com.mx\/index.php?rest_route=\/wp\/v2\/posts\/49254","targetHints":{"allow":["GET"]}}],"collection":[{"href":"https:\/\/encuentroinformativo.com.mx\/index.php?rest_route=\/wp\/v2\/posts"}],"about":[{"href":"https:\/\/encuentroinformativo.com.mx\/index.php?rest_route=\/wp\/v2\/types\/post"}],"author":[{"embeddable":true,"href":"https:\/\/encuentroinformativo.com.mx\/index.php?rest_route=\/wp\/v2\/users\/2476"}],"replies":[{"embeddable":true,"href":"https:\/\/encuentroinformativo.com.mx\/index.php?rest_route=%2Fwp%2Fv2%2Fcomments&post=49254"}],"version-history":[{"count":1,"href":"https:\/\/encuentroinformativo.com.mx\/index.php?rest_route=\/wp\/v2\/posts\/49254\/revisions"}],"predecessor-version":[{"id":49256,"href":"https:\/\/encuentroinformativo.com.mx\/index.php?rest_route=\/wp\/v2\/posts\/49254\/revisions\/49256"}],"wp:featuredmedia":[{"embeddable":true,"href":"https:\/\/encuentroinformativo.com.mx\/index.php?rest_route=\/wp\/v2\/media\/49255"}],"wp:attachment":[{"href":"https:\/\/encuentroinformativo.com.mx\/index.php?rest_route=%2Fwp%2Fv2%2Fmedia&parent=49254"}],"wp:term":[{"taxonomy":"category","embeddable":true,"href":"https:\/\/encuentroinformativo.com.mx\/index.php?rest_route=%2Fwp%2Fv2%2Fcategories&post=49254"},{"taxonomy":"post_tag","embeddable":true,"href":"https:\/\/encuentroinformativo.com.mx\/index.php?rest_route=%2Fwp%2Fv2%2Ftags&post=49254"}],"curies":[{"name":"wp","href":"https:\/\/api.w.org\/{rel}","templated":true}]}}