{"id":49269,"date":"2024-01-09T22:00:23","date_gmt":"2024-01-10T04:00:23","guid":{"rendered":"https:\/\/encuentroinformativo.com.mx\/?p=49269"},"modified":"2024-01-09T22:00:31","modified_gmt":"2024-01-10T04:00:31","slug":"sin-afectaciones-mayores-en-la-ciudad-tras-el-paso-del-frente-frio-25-alcalde-jm-unanue","status":"publish","type":"post","link":"https:\/\/encuentroinformativo.com.mx\/?p=49269","title":{"rendered":"Sin afectaciones mayores en la ciudad tras el paso del Frente Fr\u00edo 25: Alcalde JM Un\u00e1nue"},"content":{"rendered":"\n<p>Boca del R\u00edo, Ver.- Gracias a la coordinaci\u00f3n y medidas preventivas aplicadas por la autoridad municipal de Boca del R\u00edo, se registr\u00f3 saldo blanco y solo afectaciones menores en la ciudad, inform\u00f3 el Alcalde Juan Manuel Un\u00e1nue Abascal.<\/p>\n\n\n\n<p>\u201cTodas las \u00e1reas operativas del gobierno municipal se mantuvieron alertas desde las primeras horas de este martes para actuar ante las fuertes rachas de viento en la zona conurbada derivadas por el paso del Frente Fr\u00edo 25\u201d, destac\u00f3 el edil.<\/p>\n\n\n\n<p>Pese a que el viento del norte perdi\u00f3 fuerza este mismo martes, Un\u00e1nue Abascal enfatiz\u00f3 que todas las \u00e1reas de su administraci\u00f3n permanecieron alertas y atendiendo los reportes de la ciudadan\u00eda.<\/p>\n\n\n\n<p>En tanto, Jorge Rojas Hern\u00e1ndez, Director de Protecci\u00f3n Civil de Boca del R\u00edo, comunic\u00f3 que de acuerdo al \u00faltimo corte informativo, solo se registr\u00f3 la ca\u00edda de un poste, un sem\u00e1foro afectado, el desprendimiento de un se\u00f1alamiento, una fachada afectada y un llamado por cables ca\u00eddos.<\/p>\n\n\n\n<p>Durante la madrugada del martes se realiz\u00f3 el cierre de circulaci\u00f3n en bulevar Manuel \u00c1vila Camacho en el carril Sur a Norte del tramo que comprende de Av. Juan Pablo II hasta Ru\u00edz Cortines y en el carril Norte a Sur del tramo que comprende de Av. Reyes Heroles hasta la calle M\u00e9dico Militar.<\/p>\n\n\n\n<p>Mientras tanto, las playas se mantienen con Bandera Roja por lo que continuar\u00e1n cerradas evit\u00e1ndose el ingreso al mar, ante ello, se solicita a los ciudadanos hacer caso de las recomendaciones del personal Guardavida.<\/p>\n\n\n\n<p>Finalmente, el titular de PC municipal record\u00f3 que la fuerza de tarea est\u00e1 conformada por las direcciones de Gobernaci\u00f3n, Alumbrado P\u00fablico, Mantenimiento Urbano, Tr\u00e1nsito Municipal, Protecci\u00f3n Civil, Polic\u00eda Municipal, Comunicaci\u00f3n Social, Limpia P\u00fablica, Polic\u00eda Estatal, Bomberos Conurbados, Polic\u00eda Naval, Guardia Nacional y CFE.<\/p>\n\n\n\n<p class=\"has-text-align-center\"><em><strong>REHABILITACI\u00d3N E INSTALACI\u00d3N DE SEM\u00c1FOROS NUEVOS<\/strong><\/em><\/p>\n\n\n\n<p>Derivado de las pasadas afectaciones por vientos del norte, diversos sem\u00e1foros resultaron da\u00f1ados, por lo que el Ayuntamiento de Boca del R\u00edo se dio a la tarea de realizar las rehabilitaciones o en su caso instalar nuevos equipos.<\/p>\n\n\n\n<p>\u201cCon sem\u00e1foros nuevos en la ciudad, garantizamos un tr\u00e1nsito m\u00e1s seguro para las familias boque\u00f1as y de quienes nos visitan\u201d, coment\u00f3 el alcalde Juan Manuel Un\u00e1nue.<\/p>\n\n\n\n<p>Tal es el caso del que se encuentra ubicado en el bulevar Adolfo Ruiz Cortines a la altura de la calle Escuela M\u00e9dico Militar, donde se cambi\u00f3 el equipo completo para dar seguridad vial a los miles de veh\u00edculos y peatones que transitan por la zona.<\/p>\n\n\n\n<p>Asimismo, el Presidente Municipal reiter\u00f3 que se mantienen trabajos de rehabilitaci\u00f3n en diversos puntos de la ciudad en coordinaci\u00f3n con las direcciones de Tr\u00e1nsito Municipal y Mantenimiento Urbano, quienes intervienen sem\u00e1foros y la se\u00f1alizaci\u00f3n de diversas vialidades.<\/p>\n","protected":false},"excerpt":{"rendered":"<p>Boca del R\u00edo, Ver.- Gracias a la coordinaci\u00f3n y medidas preventivas aplicadas por la autoridad municipal de Boca del R\u00edo, se registr\u00f3 saldo blanco y solo afectaciones menores en la ciudad, inform\u00f3 el Alcalde Juan Manuel Un\u00e1nue Abascal. \u201cTodas las \u00e1reas operativas del gobierno municipal se mantuvieron alertas desde las primeras horas de este martes [&hellip;]<\/p>\n","protected":false},"author":2476,"featured_media":49270,"comment_status":"open","ping_status":"open","sticky":false,"template":"","format":"standard","meta":{"_jetpack_memberships_contains_paid_content":false,"footnotes":""},"categories":[2],"tags":[],"class_list":["post-49269","post","type-post","status-publish","format-standard","has-post-thumbnail","hentry","category-estado"],"jetpack_featured_media_url":"https:\/\/encuentroinformativo.com.mx\/wp-content\/uploads\/2024\/01\/Screenshot_20240109-215745.png","jetpack_sharing_enabled":true,"jetpack_likes_enabled":true,"amp_enabled":true,"_links":{"self":[{"href":"https:\/\/encuentroinformativo.com.mx\/index.php?rest_route=\/wp\/v2\/posts\/49269","targetHints":{"allow":["GET"]}}],"collection":[{"href":"https:\/\/encuentroinformativo.com.mx\/index.php?rest_route=\/wp\/v2\/posts"}],"about":[{"href":"https:\/\/encuentroinformativo.com.mx\/index.php?rest_route=\/wp\/v2\/types\/post"}],"author":[{"embeddable":true,"href":"https:\/\/encuentroinformativo.com.mx\/index.php?rest_route=\/wp\/v2\/users\/2476"}],"replies":[{"embeddable":true,"href":"https:\/\/encuentroinformativo.com.mx\/index.php?rest_route=%2Fwp%2Fv2%2Fcomments&post=49269"}],"version-history":[{"count":1,"href":"https:\/\/encuentroinformativo.com.mx\/index.php?rest_route=\/wp\/v2\/posts\/49269\/revisions"}],"predecessor-version":[{"id":49271,"href":"https:\/\/encuentroinformativo.com.mx\/index.php?rest_route=\/wp\/v2\/posts\/49269\/revisions\/49271"}],"wp:featuredmedia":[{"embeddable":true,"href":"https:\/\/encuentroinformativo.com.mx\/index.php?rest_route=\/wp\/v2\/media\/49270"}],"wp:attachment":[{"href":"https:\/\/encuentroinformativo.com.mx\/index.php?rest_route=%2Fwp%2Fv2%2Fmedia&parent=49269"}],"wp:term":[{"taxonomy":"category","embeddable":true,"href":"https:\/\/encuentroinformativo.com.mx\/index.php?rest_route=%2Fwp%2Fv2%2Fcategories&post=49269"},{"taxonomy":"post_tag","embeddable":true,"href":"https:\/\/encuentroinformativo.com.mx\/index.php?rest_route=%2Fwp%2Fv2%2Ftags&post=49269"}],"curies":[{"name":"wp","href":"https:\/\/api.w.org\/{rel}","templated":true}]}}