{"id":4927,"date":"2020-08-15T13:57:07","date_gmt":"2020-08-15T18:57:07","guid":{"rendered":"https:\/\/encuentroinformativo.com\/?p=4927"},"modified":"2020-08-15T13:57:09","modified_gmt":"2020-08-15T18:57:09","slug":"abuelos-desamparados","status":"publish","type":"post","link":"https:\/\/encuentroinformativo.com.mx\/?p=4927","title":{"rendered":"Abuelos desamparados"},"content":{"rendered":"\n<p><strong>N\u00fameros Rojos<\/strong><\/p>\n\n\n\n<p><strong>Brenda Caballero<\/strong><br><\/p>\n\n\n\n<p>Todas las ma\u00f1anas escuchaba a mi vecino bajar las escaleras. Siempre antes de las siete de la ma\u00f1ana. Ten\u00eda que estar cuando abrieran el supermercado, pues era empacador voluntario. Ante la pandemia de la Covid-19, en abril, lo mandaron a su casa,&nbsp; por su edad, al ser parte de la poblaci\u00f3n vulnerable de los adultos mayores. A la fecha no ha regresado y de acuerdo a los sem\u00e1foros, no hay para cuando.<\/p>\n\n\n\n<p>Misma suerte sufri\u00f3 otro vecino que todas las tardes atravesaba el estacionamiento para dirigirse a empacar v\u00edveres voluntariamente al mismo supermercado.<\/p>\n\n\n\n<p>Realmente no s\u00e9 si sean jubilados, pero lo que s\u00ed s\u00e9 es que al ir a trabajar todos los d\u00edas de empacadores, si tuvieran pensi\u00f3n, \u00e9sta no les alcanzar\u00eda.&nbsp;<\/p>\n\n\n\n<p>Se tienen referencias que alrededor de 35 mil mexicanos entre los 60 y 74 a\u00f1os son los que trabajan voluntariamente en los supermercados, ganando en promedio 200 pesos diarios; al ser voluntarios no cuentan con prestaciones de seguridad social ni con un sueldo fijo&#8230; \u00a1vamos! ni con medio salario.&nbsp;<\/p>\n\n\n\n<p>Algunos supermercados han sido solidarios con ellos y cuando pagas tu s\u00faper, te preguntan si quieres donar a los empacadores voluntarios. Te lo incluyen en tu ticket de compra. Algunos otros tienen un recipiente transparente con etiqueta para ellos donde puedes donar unas monedas.<\/p>\n\n\n\n<p>\u00bfPero acaso lo donado les alcanza para cubrir sus necesidades b\u00e1sicas?<\/p>\n\n\n\n<p>En M\u00e9xico no existen pol\u00edticas p\u00fablicas para la atenci\u00f3n de los adultos mayores y aunque por parte de Gobierno Federal existe un apoyo monetario bimestral, los dos mil seiscientos veinte pesos que les entregan mediante los programas de Bienestar, son insuficientes para poder tener acceso a una alimentaci\u00f3n de acuerdo a su edad o para tener servicios m\u00e9dicos geri\u00e1tricos.<\/p>\n\n\n\n<p>Llama la atenci\u00f3n que en plena pandemia, el pasado 30 de julio, el Congreso local de Veracruz decidi\u00f3 abrogar la Ley 223 que reconoc\u00eda el derecho de las personas f\u00edsicas, mayores de setenta a\u00f1os de edad, que no ten\u00edan ning\u00fan ingreso y que no contaban con la protecci\u00f3n de los sistemas de seguridad social, a recibir una pensi\u00f3n alimenticia por parte del gobierno del estado de Veracruz de Ignacio de la Llave, que consist\u00eda en 5 mil 544 pesos cada tres meses. El argumento de los diputados era que al recibir el apoyo federal y estatal, el ingreso estaba duplicado. Recordemos que el estado les pagaba mil ochocientos cuarenta y ocho pesos mensuales contra mil trescientos diez que reciben actualmente.<\/p>\n\n\n\n<p>Bueno, eso s\u00ed est\u00e1n inscritos en el padr\u00f3n federal.<\/p>\n\n\n\n<p>Lo que llama la atenci\u00f3n es que las pensiones para adultos mayores ya estaban presupuestadas y aprobadas por el mismo Congreso del Estado para este a\u00f1o 2020. \u00bfQu\u00e9 pasar\u00e1 con ese recurso?<\/p>\n\n\n\n<p>Urgen pol\u00edticas p\u00fablicas para proteger a los adultos mayores pues de acuerdo a las proyecciones de poblaci\u00f3n 2010-2030 del Consejo Nacional de Poblaci\u00f3n (Conapo) Veracruz tendr\u00e1 50 adultos mayores por cada 100 j\u00f3venes, dato que se agravar\u00e1 con la pandemia pues ya en algunas empresas empiezan a liquidar a los adultos mayores que trabajan con ellos, por considerarlos poblaci\u00f3n vulnerable.<br><\/p>\n\n\n\n<p>@NumerosRojos_BC<\/p>\n\n\n\n<p><a href=\"mailto:caballero_brenda@hotmail.com\" target=\"_blank\" rel=\"noreferrer noopener\">caballero_brenda@hotmail.com<\/a><\/p>\n\n\n\n<p><\/p>\n","protected":false},"excerpt":{"rendered":"<p>N\u00fameros Rojos Brenda Caballero Todas las ma\u00f1anas escuchaba a mi vecino bajar las escaleras. Siempre antes de las siete de la ma\u00f1ana. Ten\u00eda que estar cuando abrieran el supermercado, pues era empacador voluntario. Ante la pandemia de la Covid-19, en abril, lo mandaron a su casa,&nbsp; por su edad, al ser parte de la poblaci\u00f3n [&hellip;]<\/p>\n","protected":false},"author":1,"featured_media":387,"comment_status":"open","ping_status":"open","sticky":false,"template":"","format":"standard","meta":{"_jetpack_memberships_contains_paid_content":false,"footnotes":""},"categories":[11],"tags":[],"class_list":["post-4927","post","type-post","status-publish","format-standard","has-post-thumbnail","hentry","category-opinion"],"jetpack_featured_media_url":"https:\/\/encuentroinformativo.com.mx\/wp-content\/uploads\/2020\/03\/7CF8A22B-2764-47BE-8F7F-38FE9E5D6A2F.jpeg","jetpack_sharing_enabled":true,"jetpack_likes_enabled":true,"amp_enabled":true,"_links":{"self":[{"href":"https:\/\/encuentroinformativo.com.mx\/index.php?rest_route=\/wp\/v2\/posts\/4927","targetHints":{"allow":["GET"]}}],"collection":[{"href":"https:\/\/encuentroinformativo.com.mx\/index.php?rest_route=\/wp\/v2\/posts"}],"about":[{"href":"https:\/\/encuentroinformativo.com.mx\/index.php?rest_route=\/wp\/v2\/types\/post"}],"author":[{"embeddable":true,"href":"https:\/\/encuentroinformativo.com.mx\/index.php?rest_route=\/wp\/v2\/users\/1"}],"replies":[{"embeddable":true,"href":"https:\/\/encuentroinformativo.com.mx\/index.php?rest_route=%2Fwp%2Fv2%2Fcomments&post=4927"}],"version-history":[{"count":1,"href":"https:\/\/encuentroinformativo.com.mx\/index.php?rest_route=\/wp\/v2\/posts\/4927\/revisions"}],"predecessor-version":[{"id":4928,"href":"https:\/\/encuentroinformativo.com.mx\/index.php?rest_route=\/wp\/v2\/posts\/4927\/revisions\/4928"}],"wp:featuredmedia":[{"embeddable":true,"href":"https:\/\/encuentroinformativo.com.mx\/index.php?rest_route=\/wp\/v2\/media\/387"}],"wp:attachment":[{"href":"https:\/\/encuentroinformativo.com.mx\/index.php?rest_route=%2Fwp%2Fv2%2Fmedia&parent=4927"}],"wp:term":[{"taxonomy":"category","embeddable":true,"href":"https:\/\/encuentroinformativo.com.mx\/index.php?rest_route=%2Fwp%2Fv2%2Fcategories&post=4927"},{"taxonomy":"post_tag","embeddable":true,"href":"https:\/\/encuentroinformativo.com.mx\/index.php?rest_route=%2Fwp%2Fv2%2Ftags&post=4927"}],"curies":[{"name":"wp","href":"https:\/\/api.w.org\/{rel}","templated":true}]}}