{"id":49274,"date":"2024-01-10T10:12:20","date_gmt":"2024-01-10T16:12:20","guid":{"rendered":"https:\/\/encuentroinformativo.com.mx\/?p=49274"},"modified":"2024-01-10T10:12:24","modified_gmt":"2024-01-10T16:12:24","slug":"convertirian-salon-social-de-el-tejar-en-medellin-en-tienda-de-conveniencia","status":"publish","type":"post","link":"https:\/\/encuentroinformativo.com.mx\/?p=49274","title":{"rendered":"Convertir\u00edan Sal\u00f3n Social de El Tejar en Medell\u00edn en tienda de conveniencia"},"content":{"rendered":"\n<p><strong>Alejandro \u00c1vila<\/strong><\/p>\n\n\n\n<p>Medell\u00edn de Bravo, Ver.- El Ayuntamiento de Medell\u00edn de Bravo pretende hacer una &#8220;Consulta Ciudadana&#8221; el pr\u00f3ximo domingo 14 de enero, con la intenci\u00f3n de que los ciudadanos autoricen la venta del Sal\u00f3n de Usos M\u00faltiples de El Tejar para convertirlo en una tienda de conveniencia.<\/p>\n\n\n\n<p>Cabe mencionar que las Consultas Ciudadanas tienen que ser organizadas por el Organismo P\u00fablico Local Electoral (OPLE) y solicitadas 60 d\u00edas antes de la misma, adem\u00e1s de que tienen la restricci\u00f3n de que en a\u00f1o electoral no se pueden realizar.<\/p>\n\n\n\n<p>&#8220;\u00bfQu\u00e9 significa esto?, que lo que pretende hacer el 14 de enero es una tomada de pelo porque carece de todo sustento legal&#8221;, declar\u00f3 el diputado morenista, Magdaleno Rosales Torres.<\/p>\n\n\n\n<p>Se pudo conocer que, este pre acuerdo de venta ya fue autorizado en Sesi\u00f3n de Cabildo hace unos d\u00edas; situaci\u00f3n que ocasion\u00f3 inconformidad entre los medellinenses porque es un \u00e1rea p\u00fablica, \u00e1rea verde y con su venta se afectar\u00eda a terceros.<\/p>\n\n\n\n<p>&#8220;Nuestra postura es que no, nosotros no estamos de acuerdo en que se vendan los espacios p\u00fablicos. \u00bfPor qu\u00e9 se quiere vender?, al parecer el Cabildo se lo quiere vender a una empresa, a una tienda comercial, Chedraui, en 18 millones de pesos. Nosotros s\u00ed estamos de acuerdo en que pongan Chedraui en El Tejar, pero que no lo pongan en espacios p\u00fablicos, hay otros lugares donde puede Chedraui llegar, pero ah\u00ed donde est\u00e1 el parque no, porque si lo ponen ah\u00ed para empezar, van a vender el espacio p\u00fablico, casi la mitad de lo que es el parque, luego van a quitar el estacionamiento de los taxis que est\u00e1 pegado al sal\u00f3n, y la calle de atr\u00e1s que est\u00e1 pegada a la escuela tambi\u00e9n van a quitarla porque va a abarcar todo eso&#8221;, puntualiz\u00f3, Magdaleno Rosales.<\/p>\n\n\n\n<p>El legislador manifest\u00f3 que, el Congreso de Veracruz especifica que para que se pueda concretar una venta de este tipo hay requisitos que se tienen que cumplir, de estos, existen algunos que al momento el Ayuntamiento, presuntamente no los cumple, tales como.<\/p>\n\n\n\n<p>-El certificado de Registro P\u00fablico de la Propiedad de la zona registral correspondiente, donde conste que el local o lote, mercado m\u00f3dulo, se encuentre inscrito a nombre del Ayuntamiento.<\/p>\n\n\n\n<p>-Constancia del presidente municipal en la que manifieste bajo su estricta responsabilidad que la venta del terreno y\/o local, no afecta \u00e1reas p\u00fablicas, \u00e1reas verdes ni a terceros.<\/p>\n\n\n\n<p>-Copia del decreto o t\u00edtulo donde el Ayuntamiento acredite la propiedad del local a vender, entre otros.<\/p>\n\n\n\n<p>&#8220;Ya sali\u00f3 el hijo del que don\u00f3 esa propiedad, ya sali\u00f3 el d\u00eda de antier a dar su declaraci\u00f3n y \u00e9l est\u00e1 diciendo, obviamente, que no est\u00e1 de acuerdo con lo que ah\u00ed se est\u00e1 haciendo, entonces, \u00e9l ya anunci\u00f3 que va a venir tambi\u00e9n a protestar, y hay mucha gente, ha habido muchos movimientos en El Tejar precisamente por esa venta, ese se\u00f1or se llama Alfredo Barradas Acevedo, hijo del que don\u00f3 ese terreno. Con todo lo que pas\u00f3, yo como diputada local, mi postura es que no estoy de acuerdo con que se vendan espacios p\u00fablicos, s\u00ed estoy de acuerdo con que se traiga un Chedraui aqu\u00ed a El Tejar, pero que no edifiquen ese Chedraui en espacios p\u00fablicos, que el Chedraui busque otro lugar, que hay muchos lugares donde se puede establecer&#8221;, sentenci\u00f3.<\/p>\n\n\n\n<p>Finalmente, este jueves 11 de enero la Directiva de los Ejidatarios, la Uni\u00f3n de Comerciantes, el Agente Municipal y ciudadanos convocaron a una reuni\u00f3n a las 4 de la tarde, para dialogar sobre la presunta venta de este espacio p\u00fablico.<\/p>\n","protected":false},"excerpt":{"rendered":"<p>Alejandro \u00c1vila Medell\u00edn de Bravo, Ver.- El Ayuntamiento de Medell\u00edn de Bravo pretende hacer una &#8220;Consulta Ciudadana&#8221; el pr\u00f3ximo domingo 14 de enero, con la intenci\u00f3n de que los ciudadanos autoricen la venta del Sal\u00f3n de Usos M\u00faltiples de El Tejar para convertirlo en una tienda de conveniencia. Cabe mencionar que las Consultas Ciudadanas tienen [&hellip;]<\/p>\n","protected":false},"author":2476,"featured_media":49275,"comment_status":"open","ping_status":"open","sticky":false,"template":"","format":"standard","meta":{"_jetpack_memberships_contains_paid_content":false,"footnotes":""},"categories":[2],"tags":[],"class_list":["post-49274","post","type-post","status-publish","format-standard","has-post-thumbnail","hentry","category-estado"],"jetpack_featured_media_url":"https:\/\/encuentroinformativo.com.mx\/wp-content\/uploads\/2024\/01\/IMG-20240110-WA0009.jpg","jetpack_sharing_enabled":true,"jetpack_likes_enabled":true,"amp_enabled":true,"_links":{"self":[{"href":"https:\/\/encuentroinformativo.com.mx\/index.php?rest_route=\/wp\/v2\/posts\/49274","targetHints":{"allow":["GET"]}}],"collection":[{"href":"https:\/\/encuentroinformativo.com.mx\/index.php?rest_route=\/wp\/v2\/posts"}],"about":[{"href":"https:\/\/encuentroinformativo.com.mx\/index.php?rest_route=\/wp\/v2\/types\/post"}],"author":[{"embeddable":true,"href":"https:\/\/encuentroinformativo.com.mx\/index.php?rest_route=\/wp\/v2\/users\/2476"}],"replies":[{"embeddable":true,"href":"https:\/\/encuentroinformativo.com.mx\/index.php?rest_route=%2Fwp%2Fv2%2Fcomments&post=49274"}],"version-history":[{"count":1,"href":"https:\/\/encuentroinformativo.com.mx\/index.php?rest_route=\/wp\/v2\/posts\/49274\/revisions"}],"predecessor-version":[{"id":49276,"href":"https:\/\/encuentroinformativo.com.mx\/index.php?rest_route=\/wp\/v2\/posts\/49274\/revisions\/49276"}],"wp:featuredmedia":[{"embeddable":true,"href":"https:\/\/encuentroinformativo.com.mx\/index.php?rest_route=\/wp\/v2\/media\/49275"}],"wp:attachment":[{"href":"https:\/\/encuentroinformativo.com.mx\/index.php?rest_route=%2Fwp%2Fv2%2Fmedia&parent=49274"}],"wp:term":[{"taxonomy":"category","embeddable":true,"href":"https:\/\/encuentroinformativo.com.mx\/index.php?rest_route=%2Fwp%2Fv2%2Fcategories&post=49274"},{"taxonomy":"post_tag","embeddable":true,"href":"https:\/\/encuentroinformativo.com.mx\/index.php?rest_route=%2Fwp%2Fv2%2Ftags&post=49274"}],"curies":[{"name":"wp","href":"https:\/\/api.w.org\/{rel}","templated":true}]}}