{"id":49280,"date":"2024-01-10T13:27:25","date_gmt":"2024-01-10T19:27:25","guid":{"rendered":"https:\/\/encuentroinformativo.com.mx\/?p=49280"},"modified":"2024-01-10T13:27:32","modified_gmt":"2024-01-10T19:27:32","slug":"abren-convocatoria-para-tramitar-cartilla-militar","status":"publish","type":"post","link":"https:\/\/encuentroinformativo.com.mx\/?p=49280","title":{"rendered":"Abren convocatoria para tramitar cartilla militar"},"content":{"rendered":"\n<p><strong>Dar\u00edo Pale <\/strong><\/p>\n\n\n\n<p>Xalapa, Ver.- El regidor Alfonso Marcos Garc\u00eda Castillo, acompa\u00f1ado de Ra\u00fal Gonz\u00e1lez Rivera encargado de la junta municipal de reclutamiento, dieron a conocer que ya esta abierta la convocatoria para tramitar la precartilla.<\/p>\n\n\n\n<p>En conferencia de prensa anunciaron la convocatoria para tramitar la cartilla del Servicio Militar Nacional clase 2006 y remisos, cuya fase de alistamiento se realizar\u00e1 del 15 de enero al 15 de octubre.<\/p>\n\n\n\n<p>&#8220;Todos los j\u00f3venes que nacieron del 15 de enero al 31 de diciembre son denominados personal de clase y deben asistir en este periodo&#8221;, indic\u00f3 Ra\u00fal Gonz\u00e1lez Rivera.<\/p>\n\n\n\n<p>El funcionario mencion\u00f3 que el pasado 8 de enero acudi\u00f3 a la zona militar para recoger los 2 mil juegos de cartillas en blanco que fueron emitidas al ayuntamiento y ser\u00e1n expedidas a los j\u00f3venes que cumplan el proceso.<\/p>\n\n\n\n<p>El funcionario detall\u00f3 que los j\u00f3venes podr\u00e1n acudir ante el ayuntamiento para iniciar el tr\u00e1mite y presentar la documentaci\u00f3n correspondiente de lunes a viernes, en horario de 9:00 a 15:00 horas.<\/p>\n\n\n\n<p>Reconoci\u00f3 que ha habido cierto desinter\u00e9s por parte de los j\u00f3venes para contar con el documento que sirve como identificaci\u00f3n oficial, por lo que exhort\u00f3 a los mayores para incentivar su participaci\u00f3n.<\/p>\n","protected":false},"excerpt":{"rendered":"<p>Dar\u00edo Pale Xalapa, Ver.- El regidor Alfonso Marcos Garc\u00eda Castillo, acompa\u00f1ado de Ra\u00fal Gonz\u00e1lez Rivera encargado de la junta municipal de reclutamiento, dieron a conocer que ya esta abierta la convocatoria para tramitar la precartilla. En conferencia de prensa anunciaron la convocatoria para tramitar la cartilla del Servicio Militar Nacional clase 2006 y remisos, cuya [&hellip;]<\/p>\n","protected":false},"author":2476,"featured_media":49281,"comment_status":"open","ping_status":"open","sticky":false,"template":"","format":"standard","meta":{"_jetpack_memberships_contains_paid_content":false,"footnotes":""},"categories":[3],"tags":[],"class_list":["post-49280","post","type-post","status-publish","format-standard","has-post-thumbnail","hentry","category-xalapa"],"jetpack_featured_media_url":"https:\/\/encuentroinformativo.com.mx\/wp-content\/uploads\/2024\/01\/IMG-20240110-WA00392.jpg","jetpack_sharing_enabled":true,"jetpack_likes_enabled":true,"amp_enabled":true,"_links":{"self":[{"href":"https:\/\/encuentroinformativo.com.mx\/index.php?rest_route=\/wp\/v2\/posts\/49280","targetHints":{"allow":["GET"]}}],"collection":[{"href":"https:\/\/encuentroinformativo.com.mx\/index.php?rest_route=\/wp\/v2\/posts"}],"about":[{"href":"https:\/\/encuentroinformativo.com.mx\/index.php?rest_route=\/wp\/v2\/types\/post"}],"author":[{"embeddable":true,"href":"https:\/\/encuentroinformativo.com.mx\/index.php?rest_route=\/wp\/v2\/users\/2476"}],"replies":[{"embeddable":true,"href":"https:\/\/encuentroinformativo.com.mx\/index.php?rest_route=%2Fwp%2Fv2%2Fcomments&post=49280"}],"version-history":[{"count":1,"href":"https:\/\/encuentroinformativo.com.mx\/index.php?rest_route=\/wp\/v2\/posts\/49280\/revisions"}],"predecessor-version":[{"id":49282,"href":"https:\/\/encuentroinformativo.com.mx\/index.php?rest_route=\/wp\/v2\/posts\/49280\/revisions\/49282"}],"wp:featuredmedia":[{"embeddable":true,"href":"https:\/\/encuentroinformativo.com.mx\/index.php?rest_route=\/wp\/v2\/media\/49281"}],"wp:attachment":[{"href":"https:\/\/encuentroinformativo.com.mx\/index.php?rest_route=%2Fwp%2Fv2%2Fmedia&parent=49280"}],"wp:term":[{"taxonomy":"category","embeddable":true,"href":"https:\/\/encuentroinformativo.com.mx\/index.php?rest_route=%2Fwp%2Fv2%2Fcategories&post=49280"},{"taxonomy":"post_tag","embeddable":true,"href":"https:\/\/encuentroinformativo.com.mx\/index.php?rest_route=%2Fwp%2Fv2%2Ftags&post=49280"}],"curies":[{"name":"wp","href":"https:\/\/api.w.org\/{rel}","templated":true}]}}