{"id":49292,"date":"2024-01-10T14:12:05","date_gmt":"2024-01-10T20:12:05","guid":{"rendered":"https:\/\/encuentroinformativo.com.mx\/?p=49292"},"modified":"2024-01-10T14:12:10","modified_gmt":"2024-01-10T20:12:10","slug":"entregan-juguetes-para-hijos-de-personas-desaparecidas","status":"publish","type":"post","link":"https:\/\/encuentroinformativo.com.mx\/?p=49292","title":{"rendered":"Entregan juguetes para hijos de personas desaparecidas"},"content":{"rendered":"\n<p><strong>Juan Arcos <\/strong><\/p>\n\n\n\n<p>Xalapa, Ver.- El colectivo \u201cAyuda a regresar a Luis Alberto Calleja Mart\u00ednez\u201d de Poza Rica acopi\u00f3 juguetes en la zona norte del estado de Veracruz para hijas e hijos de madres y padres desaparecidos.<\/p>\n\n\n\n<p>Los regalos fueron entregados a los menores en el marco del D\u00eda de Reyes, durante un evento que se llev\u00f3 a cabo la tarde del martes 9 de enero.<\/p>\n\n\n\n<p>Esto ocurri\u00f3 en el \u201cMemorial de las y los desaparecidos\u201d, ubicado sobre la avenida 20 de Noviembre de la ciudad petrolera de Poza Rica.<\/p>\n\n\n\n<p>As\u00ed lo dio a conocer la representante del colectivo \u201cAyuda a regresar a Luis Alberto Calleja Mart\u00ednez\u201d, Noem\u00ed Mart\u00ednez Martag\u00f3n, quien a\u00f1adi\u00f3 que estas acciones permitieron ayudar a menores que quedaron desamparados tras la desaparici\u00f3n de sus padres.<\/p>\n\n\n\n<p>\u201cEs para hijos y padres y y para todos los ni\u00f1os de que tengan padres desaparecidos en Poza Rica, no nom\u00e1s los del colectivo, porque Poza Rica tiene tres, tiene otros dos colectivos, porque este memorial que est\u00e1 ah\u00ed en la avenida 20 de Noviembre, ese es el memorial de los desaparecidos de Poza Rica, no nom\u00e1s desaparecidos del colectivo de Luis Alberto Calleja, es de todos los desaparecidos en Poza Rica, ese memorial\u201d.<\/p>\n\n\n\n<p>La entrevistada coment\u00f3 que el evento se llev\u00f3 a cabo con el apoyo del regidor de la comisi\u00f3n edilicia de Derechos Humanos del ayuntamiento de Poza Rica, Daniel Ya\u00f1ez. Adem\u00e1s, algunos diputados donaron juguetes.<\/p>\n\n\n\n<p>\u201cPor eso invitamos a todos los ni\u00f1os y ni\u00f1as, todos somos hermanos de un mismo dolor, no importa si son de un colectivo o de otro, aqu\u00ed nos unimos todos\u201d, insisti\u00f3 Mart\u00ednez Martag\u00f3n.<\/p>\n\n\n\n<p>Record\u00f3 que el pasado 5 de enero, mam\u00e1s y pap\u00e1s de personas desaparecidas hicieron cartas a los Reyes Magos para solicitar que sus seres queridos aparezcan con vida.<\/p>\n\n\n\n<p>Tambi\u00e9n enfatiz\u00f3 que Poza Rica es uno de los municipios de la zona norte donde se registra el mayor n\u00famero de desapariciones de personas.<\/p>\n\n\n\n<p>\u201cEmpezamos el a\u00f1o con desapariciones, si usted ve en el <em>Facebook<\/em>, desde el d\u00eda primero, partiendo del d\u00eda primero, ya hay como unos diez desaparecidos, la verdad. Y cerrando el a\u00f1o tambi\u00e9n hab\u00eda varios casos. Poza Rica es una de las ciudades de la zona norte con m\u00e1s desapariciones\u201d, remat\u00f3 la activista.<\/p>\n","protected":false},"excerpt":{"rendered":"<p>Juan Arcos Xalapa, Ver.- El colectivo \u201cAyuda a regresar a Luis Alberto Calleja Mart\u00ednez\u201d de Poza Rica acopi\u00f3 juguetes en la zona norte del estado de Veracruz para hijas e hijos de madres y padres desaparecidos. Los regalos fueron entregados a los menores en el marco del D\u00eda de Reyes, durante un evento que se [&hellip;]<\/p>\n","protected":false},"author":2476,"featured_media":49293,"comment_status":"open","ping_status":"open","sticky":false,"template":"","format":"standard","meta":{"_jetpack_memberships_contains_paid_content":false,"footnotes":""},"categories":[2],"tags":[],"class_list":["post-49292","post","type-post","status-publish","format-standard","has-post-thumbnail","hentry","category-estado"],"jetpack_featured_media_url":"https:\/\/encuentroinformativo.com.mx\/wp-content\/uploads\/2024\/01\/IMG_5484.jpg","jetpack_sharing_enabled":true,"jetpack_likes_enabled":true,"amp_enabled":true,"_links":{"self":[{"href":"https:\/\/encuentroinformativo.com.mx\/index.php?rest_route=\/wp\/v2\/posts\/49292","targetHints":{"allow":["GET"]}}],"collection":[{"href":"https:\/\/encuentroinformativo.com.mx\/index.php?rest_route=\/wp\/v2\/posts"}],"about":[{"href":"https:\/\/encuentroinformativo.com.mx\/index.php?rest_route=\/wp\/v2\/types\/post"}],"author":[{"embeddable":true,"href":"https:\/\/encuentroinformativo.com.mx\/index.php?rest_route=\/wp\/v2\/users\/2476"}],"replies":[{"embeddable":true,"href":"https:\/\/encuentroinformativo.com.mx\/index.php?rest_route=%2Fwp%2Fv2%2Fcomments&post=49292"}],"version-history":[{"count":1,"href":"https:\/\/encuentroinformativo.com.mx\/index.php?rest_route=\/wp\/v2\/posts\/49292\/revisions"}],"predecessor-version":[{"id":49294,"href":"https:\/\/encuentroinformativo.com.mx\/index.php?rest_route=\/wp\/v2\/posts\/49292\/revisions\/49294"}],"wp:featuredmedia":[{"embeddable":true,"href":"https:\/\/encuentroinformativo.com.mx\/index.php?rest_route=\/wp\/v2\/media\/49293"}],"wp:attachment":[{"href":"https:\/\/encuentroinformativo.com.mx\/index.php?rest_route=%2Fwp%2Fv2%2Fmedia&parent=49292"}],"wp:term":[{"taxonomy":"category","embeddable":true,"href":"https:\/\/encuentroinformativo.com.mx\/index.php?rest_route=%2Fwp%2Fv2%2Fcategories&post=49292"},{"taxonomy":"post_tag","embeddable":true,"href":"https:\/\/encuentroinformativo.com.mx\/index.php?rest_route=%2Fwp%2Fv2%2Ftags&post=49292"}],"curies":[{"name":"wp","href":"https:\/\/api.w.org\/{rel}","templated":true}]}}