{"id":493,"date":"2020-03-06T13:10:41","date_gmt":"2020-03-06T19:10:41","guid":{"rendered":"https:\/\/encuentroinformativo.com\/?p=493"},"modified":"2020-03-06T13:10:41","modified_gmt":"2020-03-06T19:10:41","slug":"a-normalistas-les-impidieron-manifestarse-acusan-estudiantes","status":"publish","type":"post","link":"https:\/\/encuentroinformativo.com.mx\/?p=493","title":{"rendered":"A normalistas les impidieron manifestarse, acusan estudiantes"},"content":{"rendered":"\n<p><strong>Juan Arcos<\/strong><\/p>\n\n\n\n<p>Xalapa, Ver.- Autoridades de la Benem\u00e9rita Escuela Normal Veracruzana (BENV) \u201cEnrique C. R\u00e9bsamen\u201d no permitieron que los estudiantes se sumaran a la marcha #NiUnaBataMenos, la ma\u00f1ana del jueves.<\/p>\n\n\n\n<p>La presidenta del Comit\u00e9 Estudiantil, Alexa Stanislao, indic\u00f3 que pudieron haberse aplicado sanciones administrativas a los alumnos que abandonaran las aulas para participar en la manifestaci\u00f3n.<\/p>\n\n\n\n<p>En respuesta, a las 7:00 horas de este viernes iniciaron un paro de brazos ca\u00eddos en la explanada del plantel, ubicado sobre la avenida Xalapa.<\/p>\n\n\n\n<p>La entrevistada consider\u00f3 necesario que los normalistas tambi\u00e9n exigieran seguridad y justicia por el multihomicidio de estudiantes en Puebla.<\/p>\n\n\n\n<p>Cabe recordar que el multihomicidio ocurri\u00f3 la noche del 23 de febrero cuando Francisco Javier de Xalapa, as\u00ed como Jimena y Jos\u00e9 Antonio, ambos de Colombia, fueron asesinados junto con un conductor de Uber cuando regresaban del carnaval de Huejotzingo, el estado vecino.<\/p>\n\n\n\n<p>Los estudiantes de la Normal Veracruzana exigieron una explicaci\u00f3n del silencio de los directivos de esta instituci\u00f3n educativa ante la falta del respaldo a las exigencias de seguridad y justicia.<\/p>\n\n\n\n<p>El paro de brazos ca\u00eddos culminar\u00e1 a las 18:00 horas de este viernes.<\/p>\n","protected":false},"excerpt":{"rendered":"<p>Juan Arcos Xalapa, Ver.- Autoridades de la Benem\u00e9rita Escuela Normal Veracruzana (BENV) \u201cEnrique C. R\u00e9bsamen\u201d no permitieron que los estudiantes se sumaran a la marcha #NiUnaBataMenos, la ma\u00f1ana del jueves. La presidenta del Comit\u00e9 Estudiantil, Alexa Stanislao, indic\u00f3 que pudieron haberse aplicado sanciones administrativas a los alumnos que abandonaran las aulas para participar en la [&hellip;]<\/p>\n","protected":false},"author":1,"featured_media":494,"comment_status":"open","ping_status":"open","sticky":false,"template":"","format":"standard","meta":{"_jetpack_memberships_contains_paid_content":false,"footnotes":""},"categories":[3],"tags":[],"class_list":["post-493","post","type-post","status-publish","format-standard","has-post-thumbnail","hentry","category-xalapa"],"jetpack_featured_media_url":"https:\/\/encuentroinformativo.com.mx\/wp-content\/uploads\/2020\/03\/F38903E7-C78B-4969-9342-68218CEDE2A3.jpeg","jetpack_sharing_enabled":true,"jetpack_likes_enabled":true,"amp_enabled":true,"_links":{"self":[{"href":"https:\/\/encuentroinformativo.com.mx\/index.php?rest_route=\/wp\/v2\/posts\/493","targetHints":{"allow":["GET"]}}],"collection":[{"href":"https:\/\/encuentroinformativo.com.mx\/index.php?rest_route=\/wp\/v2\/posts"}],"about":[{"href":"https:\/\/encuentroinformativo.com.mx\/index.php?rest_route=\/wp\/v2\/types\/post"}],"author":[{"embeddable":true,"href":"https:\/\/encuentroinformativo.com.mx\/index.php?rest_route=\/wp\/v2\/users\/1"}],"replies":[{"embeddable":true,"href":"https:\/\/encuentroinformativo.com.mx\/index.php?rest_route=%2Fwp%2Fv2%2Fcomments&post=493"}],"version-history":[{"count":1,"href":"https:\/\/encuentroinformativo.com.mx\/index.php?rest_route=\/wp\/v2\/posts\/493\/revisions"}],"predecessor-version":[{"id":495,"href":"https:\/\/encuentroinformativo.com.mx\/index.php?rest_route=\/wp\/v2\/posts\/493\/revisions\/495"}],"wp:featuredmedia":[{"embeddable":true,"href":"https:\/\/encuentroinformativo.com.mx\/index.php?rest_route=\/wp\/v2\/media\/494"}],"wp:attachment":[{"href":"https:\/\/encuentroinformativo.com.mx\/index.php?rest_route=%2Fwp%2Fv2%2Fmedia&parent=493"}],"wp:term":[{"taxonomy":"category","embeddable":true,"href":"https:\/\/encuentroinformativo.com.mx\/index.php?rest_route=%2Fwp%2Fv2%2Fcategories&post=493"},{"taxonomy":"post_tag","embeddable":true,"href":"https:\/\/encuentroinformativo.com.mx\/index.php?rest_route=%2Fwp%2Fv2%2Ftags&post=493"}],"curies":[{"name":"wp","href":"https:\/\/api.w.org\/{rel}","templated":true}]}}