{"id":49331,"date":"2024-01-11T13:31:02","date_gmt":"2024-01-11T19:31:02","guid":{"rendered":"https:\/\/encuentroinformativo.com.mx\/?p=49331"},"modified":"2024-01-11T13:31:07","modified_gmt":"2024-01-11T19:31:07","slug":"por-ano-vocacional-visitara-nuncio-apostolico-xalapa","status":"publish","type":"post","link":"https:\/\/encuentroinformativo.com.mx\/?p=49331","title":{"rendered":"Por a\u00f1o vocacional, visitar\u00e1 Nuncio Apost\u00f3lico Xalapa"},"content":{"rendered":"\n<p><strong>Dario Pale <\/strong><\/p>\n\n\n\n<p>Xalapa, Ver.- Dan a conocer la pr\u00f3xima visita del Nuncio Apost\u00f3lico, Joseph Spiteri, en Xalapa, as\u00ed lo inform\u00f3 el arzobispo de Xalapa, Jorge Carlos Patr\u00f3n Wong, el jerarca cat\u00f3lico resalt\u00f3 que esta es la segunda ocasi\u00f3n que estar\u00e1 el Nuncio en esta capital.<\/p>\n\n\n\n<p>En conferencia de prensa, expuso que vendr\u00e1 al inicio oficial del A\u00f1o Juvenil Vocacional, el s\u00e1bado 20 de enero, para su visita, tienen un amplio programa de actividades en el Seminario para reunirse con j\u00f3venes, sacerdotes y religiosas, para oficiar una eucarist\u00eda.<\/p>\n\n\n\n<p>El jerarca cat\u00f3lico resalt\u00f3 que esta es la segunda ocasi\u00f3n que estar\u00e1 el Nuncio en esta capital, &#8220;\u00e9l llegar\u00e1 el s\u00e1bado 20 de enero, llegar\u00e1 directamente a la Casa de la Iglesia, ah\u00ed hablara a j\u00f3venes de diversos decanatos y parroquias&#8221;.<\/p>\n\n\n\n<p>A lo largo del 2024, que est\u00e1 dedicado a la juventud vocacional, habr\u00e1 diversos encuentros, uno es del 26 al 28 de enero, para se\u00f1oritas, en Clavijero n\u00famero 7, posteriormente habr\u00e1 un encuentro para varones del 24 al 32 en el Seminario Menor.<\/p>\n\n\n\n<p>Por \u00faltimo coment\u00f3 que luego, del 30 de julio al 2 de agosto habr\u00e1 otro encuentro para varones mayores de 12 a\u00f1os y, en diciembre, otro encuentro m\u00e1s del \u00a020 al 23, entre otras muchas actividades.<\/p>\n","protected":false},"excerpt":{"rendered":"<p>Dario Pale Xalapa, Ver.- Dan a conocer la pr\u00f3xima visita del Nuncio Apost\u00f3lico, Joseph Spiteri, en Xalapa, as\u00ed lo inform\u00f3 el arzobispo de Xalapa, Jorge Carlos Patr\u00f3n Wong, el jerarca cat\u00f3lico resalt\u00f3 que esta es la segunda ocasi\u00f3n que estar\u00e1 el Nuncio en esta capital. En conferencia de prensa, expuso que vendr\u00e1 al inicio oficial [&hellip;]<\/p>\n","protected":false},"author":2476,"featured_media":49332,"comment_status":"open","ping_status":"open","sticky":false,"template":"","format":"standard","meta":{"_jetpack_memberships_contains_paid_content":false,"footnotes":""},"categories":[3],"tags":[],"class_list":["post-49331","post","type-post","status-publish","format-standard","has-post-thumbnail","hentry","category-xalapa"],"jetpack_featured_media_url":"https:\/\/encuentroinformativo.com.mx\/wp-content\/uploads\/2024\/01\/IMG-20240111-WA00302.jpg","jetpack_sharing_enabled":true,"jetpack_likes_enabled":true,"amp_enabled":true,"_links":{"self":[{"href":"https:\/\/encuentroinformativo.com.mx\/index.php?rest_route=\/wp\/v2\/posts\/49331","targetHints":{"allow":["GET"]}}],"collection":[{"href":"https:\/\/encuentroinformativo.com.mx\/index.php?rest_route=\/wp\/v2\/posts"}],"about":[{"href":"https:\/\/encuentroinformativo.com.mx\/index.php?rest_route=\/wp\/v2\/types\/post"}],"author":[{"embeddable":true,"href":"https:\/\/encuentroinformativo.com.mx\/index.php?rest_route=\/wp\/v2\/users\/2476"}],"replies":[{"embeddable":true,"href":"https:\/\/encuentroinformativo.com.mx\/index.php?rest_route=%2Fwp%2Fv2%2Fcomments&post=49331"}],"version-history":[{"count":1,"href":"https:\/\/encuentroinformativo.com.mx\/index.php?rest_route=\/wp\/v2\/posts\/49331\/revisions"}],"predecessor-version":[{"id":49333,"href":"https:\/\/encuentroinformativo.com.mx\/index.php?rest_route=\/wp\/v2\/posts\/49331\/revisions\/49333"}],"wp:featuredmedia":[{"embeddable":true,"href":"https:\/\/encuentroinformativo.com.mx\/index.php?rest_route=\/wp\/v2\/media\/49332"}],"wp:attachment":[{"href":"https:\/\/encuentroinformativo.com.mx\/index.php?rest_route=%2Fwp%2Fv2%2Fmedia&parent=49331"}],"wp:term":[{"taxonomy":"category","embeddable":true,"href":"https:\/\/encuentroinformativo.com.mx\/index.php?rest_route=%2Fwp%2Fv2%2Fcategories&post=49331"},{"taxonomy":"post_tag","embeddable":true,"href":"https:\/\/encuentroinformativo.com.mx\/index.php?rest_route=%2Fwp%2Fv2%2Ftags&post=49331"}],"curies":[{"name":"wp","href":"https:\/\/api.w.org\/{rel}","templated":true}]}}