{"id":49342,"date":"2024-01-11T14:56:26","date_gmt":"2024-01-11T20:56:26","guid":{"rendered":"https:\/\/encuentroinformativo.com.mx\/?p=49342"},"modified":"2024-01-11T14:56:31","modified_gmt":"2024-01-11T20:56:31","slug":"falta-de-titulares-en-dependencias-afecta-desempeno-empresarios","status":"publish","type":"post","link":"https:\/\/encuentroinformativo.com.mx\/?p=49342","title":{"rendered":"Falta de titulares en dependencias afecta desempe\u00f1o: Empresarios"},"content":{"rendered":"\n<p><strong>Dar\u00edo Pale <\/strong><\/p>\n\n\n\n<p>Xalapa, Ver.- Fernando Arana Watty presidente del Consejo Empresarial Metropolitano, dio a conocer que ya es tiempo de que se nombre a los titulares de las diferentes oficinas de despacho ya que no pueden trabajar con encargados, estar unos meses sin titulares afecta el desarrollo de las \u00e1reas enfocadas a cada una de las secretar\u00edas.<\/p>\n\n\n\n<p>En entrevista se\u00f1al\u00f3 que, es muy importante llenar los espacios ya que por algo existen y si no son necesarios &#8220;pues que los quiten&#8221;, pero en este caso los titulares de cada secretar\u00eda son temas que se tienen que cubrir lo m\u00e1s pronto posible.<\/p>\n\n\n\n<p>&#8220;No porque estemos en el \u00faltimo a\u00f1o de gobierno de esta administraci\u00f3n vamos a dejar pasar los d\u00edas o los meses sin una cabeza que lleve cada secretar\u00eda, tenemos algunas que est\u00e1n ahorita con encargados lo cual no lo vemos positivo porque no tienen las facultades ni las atribuciones, ni las obligaciones que marca la ley como si fueran los titulares&#8221;, se\u00f1al\u00f3.<\/p>\n\n\n\n<p>Por lo anterior le est\u00e1n solicitando al gobernador que tome cartas en el asunto y que nombre a los titulares y se pueda seguir avanzando, es una \u00e9poca electoral y algunos de los funcionarios que est\u00e1n laborando en el sector p\u00fablico quieren modificar su carrera pol\u00edtica y buscar un puesto de elecci\u00f3n popular.<\/p>\n\n\n\n<p>Es necesario que las dependencias cuenten con un titular que sea capaz, que tenga compromiso por Veracruz y que sigan trabajando ya que para ellos como sector empresarial estar unos meses sin titulares afecta el desarrollo de las \u00e1reas enfocadas a cada una de las secretar\u00edas.<\/p>\n\n\n\n<p>Coment\u00f3 que hay muchos tr\u00e1mites que tienen que realizar como por ejemplo al no haber un titular en la secretar\u00eda de gobierno donde no hay un titular y no pueden avanzar en alguno temas, otra \u00e1rea importante es en la Comisi\u00f3n de B\u00fasqueda donde ha pasado gran parte del sexenio sin titular, y si no son necesarios para que est\u00e1n.<\/p>\n\n\n\n<p>Finalmente se\u00f1al\u00f3 que han estado trabajando con algunas secretar\u00edas, pero hay otras que no los han atendido como debe de ser y el gobernador les dijo que los temas los tratar\u00edan con las secretar\u00edas y con el secretario de gobierno pero no hay un titular y no es lo mismo, por lo que insisti\u00f3 en que es necesario que se nombren titulares aunque solo quede un a\u00f1o pero ellos es importante seguir trabajando.\u00a0<\/p>\n","protected":false},"excerpt":{"rendered":"<p>Dar\u00edo Pale Xalapa, Ver.- Fernando Arana Watty presidente del Consejo Empresarial Metropolitano, dio a conocer que ya es tiempo de que se nombre a los titulares de las diferentes oficinas de despacho ya que no pueden trabajar con encargados, estar unos meses sin titulares afecta el desarrollo de las \u00e1reas enfocadas a cada una de [&hellip;]<\/p>\n","protected":false},"author":2476,"featured_media":49343,"comment_status":"open","ping_status":"open","sticky":false,"template":"","format":"standard","meta":{"_jetpack_memberships_contains_paid_content":false,"footnotes":""},"categories":[2],"tags":[],"class_list":["post-49342","post","type-post","status-publish","format-standard","has-post-thumbnail","hentry","category-estado"],"jetpack_featured_media_url":"https:\/\/encuentroinformativo.com.mx\/wp-content\/uploads\/2024\/01\/IMG-20240111-WA0046.jpg","jetpack_sharing_enabled":true,"jetpack_likes_enabled":true,"amp_enabled":true,"_links":{"self":[{"href":"https:\/\/encuentroinformativo.com.mx\/index.php?rest_route=\/wp\/v2\/posts\/49342","targetHints":{"allow":["GET"]}}],"collection":[{"href":"https:\/\/encuentroinformativo.com.mx\/index.php?rest_route=\/wp\/v2\/posts"}],"about":[{"href":"https:\/\/encuentroinformativo.com.mx\/index.php?rest_route=\/wp\/v2\/types\/post"}],"author":[{"embeddable":true,"href":"https:\/\/encuentroinformativo.com.mx\/index.php?rest_route=\/wp\/v2\/users\/2476"}],"replies":[{"embeddable":true,"href":"https:\/\/encuentroinformativo.com.mx\/index.php?rest_route=%2Fwp%2Fv2%2Fcomments&post=49342"}],"version-history":[{"count":1,"href":"https:\/\/encuentroinformativo.com.mx\/index.php?rest_route=\/wp\/v2\/posts\/49342\/revisions"}],"predecessor-version":[{"id":49344,"href":"https:\/\/encuentroinformativo.com.mx\/index.php?rest_route=\/wp\/v2\/posts\/49342\/revisions\/49344"}],"wp:featuredmedia":[{"embeddable":true,"href":"https:\/\/encuentroinformativo.com.mx\/index.php?rest_route=\/wp\/v2\/media\/49343"}],"wp:attachment":[{"href":"https:\/\/encuentroinformativo.com.mx\/index.php?rest_route=%2Fwp%2Fv2%2Fmedia&parent=49342"}],"wp:term":[{"taxonomy":"category","embeddable":true,"href":"https:\/\/encuentroinformativo.com.mx\/index.php?rest_route=%2Fwp%2Fv2%2Fcategories&post=49342"},{"taxonomy":"post_tag","embeddable":true,"href":"https:\/\/encuentroinformativo.com.mx\/index.php?rest_route=%2Fwp%2Fv2%2Ftags&post=49342"}],"curies":[{"name":"wp","href":"https:\/\/api.w.org\/{rel}","templated":true}]}}