{"id":49366,"date":"2024-01-12T13:43:50","date_gmt":"2024-01-12T19:43:50","guid":{"rendered":"https:\/\/encuentroinformativo.com.mx\/?p=49366"},"modified":"2024-01-12T13:43:54","modified_gmt":"2024-01-12T19:43:54","slug":"confirman-feria-gastronomica-del-pescador","status":"publish","type":"post","link":"https:\/\/encuentroinformativo.com.mx\/?p=49366","title":{"rendered":"Confirman Feria Gastron\u00f3mica del Pescador"},"content":{"rendered":"\n<p><strong>Alejandro \u00c1vila<\/strong><\/p>\n\n\n\n<p>Veracruz, Ver.- La alcaldesa, Patricia Lobeira Rodr\u00edguez, confirm\u00f3 la primera edici\u00f3n de la Feria Gastron\u00f3mica del Pescador durante este 2024.<\/p>\n\n\n\n<p>Esta se realizar\u00e1 el pr\u00f3ximo s\u00e1bado 20 de enero a partir de la 1 de la tarde, en el marco de las festividades en honor a San Sebasti\u00e1n patrono de la ciudad de Veracruz.<\/p>\n\n\n\n<p>Cabe mencionar que en esta administraci\u00f3n municipal se han realizado al menos dos Ferias del Pescador al a\u00f1o; una durante Semana Santa y otra en el verano, con la finalidad de ayudar a los trabajadores del mar a exponer sus productos y fomentar los platillos m\u00e1s famosos de la gastronom\u00eda veracruzana.<\/p>\n\n\n\n<p>Los festejos en honor a San Sebasti\u00e1n iniciar\u00e1n el pr\u00f3ximo jueves 18 de enero y terminar\u00e1n el s\u00e1bado 20 de enero, donde se espera haya un clima adecuado para poder realizar la procesi\u00f3n mar\u00edtima.<\/p>\n\n\n\n<p>&#8220;En caso de que no haya buen clima lo que podemos hacer es posponer la procesi\u00f3n que har\u00edamos el mar (\u2026) as\u00ed es, no se cancelar\u00eda lo llevar\u00edamos a cabo en otra fecha, sin embargo, si todo coincide y tenemos buen clima, ser\u00eda la procesi\u00f3n en el mar de ah\u00ed tendr\u00eda una misa a las 12 del d\u00eda, y de ah\u00ed tendr\u00edamos la Feria Gastron\u00f3mica con los pescadores que es un sector muy querido y tradicional de aqu\u00ed de nosotros del puerto, entonces invitamos a toda la gente a que nos acompa\u00f1e en el z\u00f3calo a partir de la 1 de la tarde, a que disfruten de todo lo rico que vamos a tener ese d\u00eda&#8221;, expres\u00f3 la edil.<\/p>\n","protected":false},"excerpt":{"rendered":"<p>Alejandro \u00c1vila Veracruz, Ver.- La alcaldesa, Patricia Lobeira Rodr\u00edguez, confirm\u00f3 la primera edici\u00f3n de la Feria Gastron\u00f3mica del Pescador durante este 2024. Esta se realizar\u00e1 el pr\u00f3ximo s\u00e1bado 20 de enero a partir de la 1 de la tarde, en el marco de las festividades en honor a San Sebasti\u00e1n patrono de la ciudad de [&hellip;]<\/p>\n","protected":false},"author":2476,"featured_media":49367,"comment_status":"open","ping_status":"open","sticky":false,"template":"","format":"standard","meta":{"_jetpack_memberships_contains_paid_content":false,"footnotes":""},"categories":[2],"tags":[],"class_list":["post-49366","post","type-post","status-publish","format-standard","has-post-thumbnail","hentry","category-estado"],"jetpack_featured_media_url":"https:\/\/encuentroinformativo.com.mx\/wp-content\/uploads\/2024\/01\/IMG-20240112-WA0072.jpg","jetpack_sharing_enabled":true,"jetpack_likes_enabled":true,"amp_enabled":true,"_links":{"self":[{"href":"https:\/\/encuentroinformativo.com.mx\/index.php?rest_route=\/wp\/v2\/posts\/49366","targetHints":{"allow":["GET"]}}],"collection":[{"href":"https:\/\/encuentroinformativo.com.mx\/index.php?rest_route=\/wp\/v2\/posts"}],"about":[{"href":"https:\/\/encuentroinformativo.com.mx\/index.php?rest_route=\/wp\/v2\/types\/post"}],"author":[{"embeddable":true,"href":"https:\/\/encuentroinformativo.com.mx\/index.php?rest_route=\/wp\/v2\/users\/2476"}],"replies":[{"embeddable":true,"href":"https:\/\/encuentroinformativo.com.mx\/index.php?rest_route=%2Fwp%2Fv2%2Fcomments&post=49366"}],"version-history":[{"count":1,"href":"https:\/\/encuentroinformativo.com.mx\/index.php?rest_route=\/wp\/v2\/posts\/49366\/revisions"}],"predecessor-version":[{"id":49368,"href":"https:\/\/encuentroinformativo.com.mx\/index.php?rest_route=\/wp\/v2\/posts\/49366\/revisions\/49368"}],"wp:featuredmedia":[{"embeddable":true,"href":"https:\/\/encuentroinformativo.com.mx\/index.php?rest_route=\/wp\/v2\/media\/49367"}],"wp:attachment":[{"href":"https:\/\/encuentroinformativo.com.mx\/index.php?rest_route=%2Fwp%2Fv2%2Fmedia&parent=49366"}],"wp:term":[{"taxonomy":"category","embeddable":true,"href":"https:\/\/encuentroinformativo.com.mx\/index.php?rest_route=%2Fwp%2Fv2%2Fcategories&post=49366"},{"taxonomy":"post_tag","embeddable":true,"href":"https:\/\/encuentroinformativo.com.mx\/index.php?rest_route=%2Fwp%2Fv2%2Ftags&post=49366"}],"curies":[{"name":"wp","href":"https:\/\/api.w.org\/{rel}","templated":true}]}}