{"id":49372,"date":"2024-01-12T14:22:30","date_gmt":"2024-01-12T20:22:30","guid":{"rendered":"https:\/\/encuentroinformativo.com.mx\/?p=49372"},"modified":"2024-01-12T14:22:34","modified_gmt":"2024-01-12T20:22:34","slug":"se-registro-incendio-en-paraje-la-corona-de-perote","status":"publish","type":"post","link":"https:\/\/encuentroinformativo.com.mx\/?p=49372","title":{"rendered":"Se registr\u00f3 incendio en paraje La Corona de Perote"},"content":{"rendered":"\n<p><strong>Juan Arcos <\/strong><\/p>\n\n\n\n<p>Xalapa, Ver.- Un incendio forestal en las faldas del Cofre de Perote da\u00f1\u00f3 una superficie de 1.8 hect\u00e1reas en el paraje La Corona del ejido Guadalupe Victoria.<\/p>\n\n\n\n<p>El siniestro comenz\u00f3 a las 19:50 horas del jueves 11 de enero en el municipio de Perote y fue atendido por las brigadas contraincendios, logrando su liquidaci\u00f3n casi al mediod\u00eda de este viernes.<\/p>\n\n\n\n<p>La Secretar\u00eda de Protecci\u00f3n Civil (PC), a cargo de Guadalupe Osorno Maldonado, dio a conocer que no hay reporte de personas lesionadas tras este incendio que alarm\u00f3 a los lugare\u00f1os.<\/p>\n\n\n\n<p>Pobladores de la zona hab\u00edan solicitaron el apoyo de autoridades para mitigar el fuego durante la noche del jueves y compartieron videos que mostraban la gravedad del problema.<\/p>\n\n\n\n<p>\u201cSe necesita ayuda rumbo a Los Altos, Veracruz, entrando por Guadalupe Victoria\u201d, alertaron los habitantes para que el siniestro fuera atendido lo antes posible.<\/p>\n\n\n\n<p>Llegaron elementos de la Secretar\u00eda de Protecci\u00f3n Civil y de la brigada municipal de la Comisi\u00f3n Nacional Foresral (Conafor), as\u00ed como de los ejidos de Tenextepec, Guadalupe Victoria y Libertad.<\/p>\n\n\n\n<p>Mediante las labores coordinadas de mitigaci\u00f3n, lograron controlar el incendio, con un 90 por ciento de liquidaci\u00f3n a las 23:00 horas del jueves.<\/p>\n\n\n\n<p>\u201cSe reporta como liquidado el incendio registrado en el municipio de Perote, con una superficie afectada de 1.8 hect\u00e1reas, sin que se reporten personas lesionadas\u201d, difundi\u00f3 PC de Veracruz este viernes al mediod\u00eda.<\/p>\n\n\n\n<p>Las autoridades estatales recordaron a la poblaci\u00f3n que ante la presencia de un incendio forestal, lo reporten de inmediato al 911 o al 800 INCENDIO (46236346) para su oportuna atenci\u00f3n.<\/p>\n","protected":false},"excerpt":{"rendered":"<p>Juan Arcos Xalapa, Ver.- Un incendio forestal en las faldas del Cofre de Perote da\u00f1\u00f3 una superficie de 1.8 hect\u00e1reas en el paraje La Corona del ejido Guadalupe Victoria. El siniestro comenz\u00f3 a las 19:50 horas del jueves 11 de enero en el municipio de Perote y fue atendido por las brigadas contraincendios, logrando su [&hellip;]<\/p>\n","protected":false},"author":2476,"featured_media":49373,"comment_status":"open","ping_status":"open","sticky":false,"template":"","format":"standard","meta":{"_jetpack_memberships_contains_paid_content":false,"footnotes":""},"categories":[8],"tags":[],"class_list":["post-49372","post","type-post","status-publish","format-standard","has-post-thumbnail","hentry","category-region"],"jetpack_featured_media_url":"https:\/\/encuentroinformativo.com.mx\/wp-content\/uploads\/2024\/01\/10cd84b3-6bf8-4f18-b4c8-9536d1673924.jpg","jetpack_sharing_enabled":true,"jetpack_likes_enabled":true,"amp_enabled":true,"_links":{"self":[{"href":"https:\/\/encuentroinformativo.com.mx\/index.php?rest_route=\/wp\/v2\/posts\/49372","targetHints":{"allow":["GET"]}}],"collection":[{"href":"https:\/\/encuentroinformativo.com.mx\/index.php?rest_route=\/wp\/v2\/posts"}],"about":[{"href":"https:\/\/encuentroinformativo.com.mx\/index.php?rest_route=\/wp\/v2\/types\/post"}],"author":[{"embeddable":true,"href":"https:\/\/encuentroinformativo.com.mx\/index.php?rest_route=\/wp\/v2\/users\/2476"}],"replies":[{"embeddable":true,"href":"https:\/\/encuentroinformativo.com.mx\/index.php?rest_route=%2Fwp%2Fv2%2Fcomments&post=49372"}],"version-history":[{"count":1,"href":"https:\/\/encuentroinformativo.com.mx\/index.php?rest_route=\/wp\/v2\/posts\/49372\/revisions"}],"predecessor-version":[{"id":49374,"href":"https:\/\/encuentroinformativo.com.mx\/index.php?rest_route=\/wp\/v2\/posts\/49372\/revisions\/49374"}],"wp:featuredmedia":[{"embeddable":true,"href":"https:\/\/encuentroinformativo.com.mx\/index.php?rest_route=\/wp\/v2\/media\/49373"}],"wp:attachment":[{"href":"https:\/\/encuentroinformativo.com.mx\/index.php?rest_route=%2Fwp%2Fv2%2Fmedia&parent=49372"}],"wp:term":[{"taxonomy":"category","embeddable":true,"href":"https:\/\/encuentroinformativo.com.mx\/index.php?rest_route=%2Fwp%2Fv2%2Fcategories&post=49372"},{"taxonomy":"post_tag","embeddable":true,"href":"https:\/\/encuentroinformativo.com.mx\/index.php?rest_route=%2Fwp%2Fv2%2Ftags&post=49372"}],"curies":[{"name":"wp","href":"https:\/\/api.w.org\/{rel}","templated":true}]}}