{"id":49378,"date":"2024-01-12T14:29:31","date_gmt":"2024-01-12T20:29:31","guid":{"rendered":"https:\/\/encuentroinformativo.com.mx\/?p=49378"},"modified":"2024-01-12T14:29:35","modified_gmt":"2024-01-12T20:29:35","slug":"por-concluir-periodo-para-renovar-credencial-del-ine","status":"publish","type":"post","link":"https:\/\/encuentroinformativo.com.mx\/?p=49378","title":{"rendered":"Por concluir periodo para renovar credencial del INE"},"content":{"rendered":"\n<p><strong>Dar\u00edo Pale <\/strong><\/p>\n\n\n\n<p>Xalapa, Ver.- El Vocal ejecutivo del Registro Federal de Electores (RFE), Sergio Vera Olvera dio a conocer que el 22 de enero concluye el periodo de renovaci\u00f3n de la credencial de elector y se ampl\u00eda la vigencia de las que caducaron el 31 de diciembre hasta el 2 de junio.<\/p>\n\n\n\n<p>En entrevista se\u00f1al\u00f3 que, el d\u00eda 22 de enero est\u00e1n cerrando los movimientos al padr\u00f3n electoral; la \u00faltima oportunidad que tienen los ciudadanos para que puedan actualizar su credencial para votar y que puedan participar el d\u00eda de la jornada electoral.<\/p>\n\n\n\n<p>Record\u00f3 que todas las personas a quienes su vigencia en la credencial de elector venci\u00f3 el 31 de diciembre, el consejo general del INE amplio la vigencia de la credencial hasta el dos de junio.<\/p>\n\n\n\n<p>&#8220;Esto quiere decir que a los que \u00edbamos a dar de baja el 31 de diciembre porque no canjearon la credencial o ya ten\u00edan 10 a\u00f1os con ella ahora las vamos a dar de baja no el 31 de diciembre, si no que se les dar\u00e1 de baja el d\u00eda dos para que tengan la oportunidad con esa credencial que aparentemente ya est\u00e1 no vigente puedan ejercer su derecho al voto&#8221;, se\u00f1al\u00f3.<\/p>\n\n\n\n<p>Coment\u00f3 que son aproximadamente 180 mil veracruzanos que no hicieron el canje pero podr\u00e1n sufragar ya que no han sido dados de baja del padr\u00f3n electoral, pero contin\u00faan esper\u00e1ndolos para que puedan hacer su tr\u00e1mite antes de l 22 de enero.<\/p>\n\n\n\n<p>Finalmente dio a conocer que pueden hacer citas programadas para realizar su tr\u00e1mite, pero por el cierre est\u00e1n abriendo los m\u00f3dulos los s\u00e1bados y los domingos para que las personas que por motivos de trabajo no puedan acudir al m\u00f3dulo estar\u00e1n abriendo desde las 08:00 hasta las 20:00 horas, adem\u00e1s pueden acudir sin cita previa.<\/p>\n","protected":false},"excerpt":{"rendered":"<p>Dar\u00edo Pale Xalapa, Ver.- El Vocal ejecutivo del Registro Federal de Electores (RFE), Sergio Vera Olvera dio a conocer que el 22 de enero concluye el periodo de renovaci\u00f3n de la credencial de elector y se ampl\u00eda la vigencia de las que caducaron el 31 de diciembre hasta el 2 de junio. En entrevista se\u00f1al\u00f3 [&hellip;]<\/p>\n","protected":false},"author":2476,"featured_media":49379,"comment_status":"open","ping_status":"open","sticky":false,"template":"","format":"standard","meta":{"_jetpack_memberships_contains_paid_content":false,"footnotes":""},"categories":[2],"tags":[],"class_list":["post-49378","post","type-post","status-publish","format-standard","has-post-thumbnail","hentry","category-estado"],"jetpack_featured_media_url":"https:\/\/encuentroinformativo.com.mx\/wp-content\/uploads\/2024\/01\/IMG-20240112-WA0118.jpg","jetpack_sharing_enabled":true,"jetpack_likes_enabled":true,"amp_enabled":true,"_links":{"self":[{"href":"https:\/\/encuentroinformativo.com.mx\/index.php?rest_route=\/wp\/v2\/posts\/49378","targetHints":{"allow":["GET"]}}],"collection":[{"href":"https:\/\/encuentroinformativo.com.mx\/index.php?rest_route=\/wp\/v2\/posts"}],"about":[{"href":"https:\/\/encuentroinformativo.com.mx\/index.php?rest_route=\/wp\/v2\/types\/post"}],"author":[{"embeddable":true,"href":"https:\/\/encuentroinformativo.com.mx\/index.php?rest_route=\/wp\/v2\/users\/2476"}],"replies":[{"embeddable":true,"href":"https:\/\/encuentroinformativo.com.mx\/index.php?rest_route=%2Fwp%2Fv2%2Fcomments&post=49378"}],"version-history":[{"count":1,"href":"https:\/\/encuentroinformativo.com.mx\/index.php?rest_route=\/wp\/v2\/posts\/49378\/revisions"}],"predecessor-version":[{"id":49380,"href":"https:\/\/encuentroinformativo.com.mx\/index.php?rest_route=\/wp\/v2\/posts\/49378\/revisions\/49380"}],"wp:featuredmedia":[{"embeddable":true,"href":"https:\/\/encuentroinformativo.com.mx\/index.php?rest_route=\/wp\/v2\/media\/49379"}],"wp:attachment":[{"href":"https:\/\/encuentroinformativo.com.mx\/index.php?rest_route=%2Fwp%2Fv2%2Fmedia&parent=49378"}],"wp:term":[{"taxonomy":"category","embeddable":true,"href":"https:\/\/encuentroinformativo.com.mx\/index.php?rest_route=%2Fwp%2Fv2%2Fcategories&post=49378"},{"taxonomy":"post_tag","embeddable":true,"href":"https:\/\/encuentroinformativo.com.mx\/index.php?rest_route=%2Fwp%2Fv2%2Ftags&post=49378"}],"curies":[{"name":"wp","href":"https:\/\/api.w.org\/{rel}","templated":true}]}}