{"id":49387,"date":"2024-01-12T18:01:13","date_gmt":"2024-01-13T00:01:13","guid":{"rendered":"https:\/\/encuentroinformativo.com.mx\/?p=49387"},"modified":"2024-01-12T18:01:20","modified_gmt":"2024-01-13T00:01:20","slug":"reconocen-vecinos-de-xallitic-apoyo-de-ricardo-ahued","status":"publish","type":"post","link":"https:\/\/encuentroinformativo.com.mx\/?p=49387","title":{"rendered":"Reconocen vecinos de Xallitic apoyo de Ricardo Ahued"},"content":{"rendered":"\n<p>Xalapa, Ver.- Por su apoyo a Xallitic y la instalaci\u00f3n de un Nacimiento de 300 piezas durante diciembre, integrantes del Patronato de Vecinos de este barrio entregaron un reconocimiento al alcalde Ricardo Ahued Bardahuil.<\/p>\n\n\n\n<p>Acompa\u00f1ado por la directora de Cultura, Karla Montano Rocher, la tesorera Guillermina Olmos Mart\u00ednez, el vicepresidente Gustavo Barrios y la vocal Aurora Molina L\u00f3pez, recordaron que gracias al respaldo del Alcalde, se instal\u00f3 un Nacimiento iluminado de 300 piezas que fueron rehabilitadas en el Taller de Arte Popular de la colonia Higueras.<\/p>\n\n\n\n<p>Adem\u00e1s, para fomentar las tradiciones entre la ni\u00f1ez y la juventud, con el apoyo del Ayuntamiento se adquirieron piezas monumentales para enriquecer este Nacimiento con figuras de hasta 1.60 metros.<\/p>\n\n\n\n<p class=\"has-text-align-center\"><strong>ESAV, orgullo de Xalapa<\/strong><\/p>\n\n\n\n<p>Por otra parte, en la sala expresidentes el presidente municipal Ricardo Ahued Bardahuil recibi\u00f3 a integrantes del Ballet Folkl\u00f3rico Infantil de la Escuela Superior de Artes de Veracruz (ESAV), quienes a partir del 28 de enero representar\u00e1n a M\u00e9xico en un festival internacional a desarrollarse en Chile.<\/p>\n\n\n\n<p>El director de la agrupaci\u00f3n, V\u00edctor Hern\u00e1ndez, y la directora de la ESAV, Graciela Miguel Aco, explicaron que en este evento participar\u00e1n cinco parejas de ni\u00f1as y ni\u00f1os, quienes presentar\u00e1n bailes de Veracruz, San Luis Potos\u00ed y Jalisco.<\/p>\n\n\n\n<p>Adem\u00e1s, ofrecer\u00e1n talleres de folclore mexicano a las delegaciones de los otros pa\u00edses participantes: Chile, Bolivia y Per\u00fa, quienes tambi\u00e9n desarrollar\u00e1n otros talleres para contribuir a la formaci\u00f3n integral del ballet.<\/p>\n\n\n\n<p>El alcalde Ricardo Ahued dese\u00f3 a la delegaci\u00f3n \u00e9xito en su gira y reconoci\u00f3 que la ESAV es un orgullo de Xalapa, pues se trata de una de las instituciones m\u00e1s importantes en la materia, al fomentar el folclore y el desarrollo infantil y juvenil.<\/p>\n\n\n\n<p>Finalmente, entreg\u00f3 a la delegaci\u00f3n ejemplares del libro \u201cManos de Color y Sol, Indumentaria Tradicional de Veracruz\u201d, del maestro Ren\u00e9 Ram\u00edrez Ord\u00f3\u00f1ez, con el fin de que en Chile se conozca la riqueza cultural de este municipio.<\/p>\n\n\n\n<figure class=\"wp-block-image size-large\"><img loading=\"lazy\" decoding=\"async\" width=\"1024\" height=\"701\" src=\"https:\/\/encuentroinformativo.com.mx\/wp-content\/uploads\/2024\/01\/IMG-20240112-WA0130-1024x701.jpg\" alt=\"\" class=\"wp-image-49389\" srcset=\"https:\/\/encuentroinformativo.com.mx\/wp-content\/uploads\/2024\/01\/IMG-20240112-WA0130-1024x701.jpg 1024w, https:\/\/encuentroinformativo.com.mx\/wp-content\/uploads\/2024\/01\/IMG-20240112-WA0130-300x205.jpg 300w, https:\/\/encuentroinformativo.com.mx\/wp-content\/uploads\/2024\/01\/IMG-20240112-WA0130-768x526.jpg 768w, https:\/\/encuentroinformativo.com.mx\/wp-content\/uploads\/2024\/01\/IMG-20240112-WA0130-1536x1052.jpg 1536w, https:\/\/encuentroinformativo.com.mx\/wp-content\/uploads\/2024\/01\/IMG-20240112-WA0130-2048x1402.jpg 2048w\" sizes=\"auto, (max-width: 1024px) 100vw, 1024px\" \/><\/figure>\n","protected":false},"excerpt":{"rendered":"<p>Xalapa, Ver.- Por su apoyo a Xallitic y la instalaci\u00f3n de un Nacimiento de 300 piezas durante diciembre, integrantes del Patronato de Vecinos de este barrio entregaron un reconocimiento al alcalde Ricardo Ahued Bardahuil. Acompa\u00f1ado por la directora de Cultura, Karla Montano Rocher, la tesorera Guillermina Olmos Mart\u00ednez, el vicepresidente Gustavo Barrios y la vocal [&hellip;]<\/p>\n","protected":false},"author":2476,"featured_media":49388,"comment_status":"open","ping_status":"open","sticky":false,"template":"","format":"standard","meta":{"_jetpack_memberships_contains_paid_content":false,"footnotes":""},"categories":[3],"tags":[],"class_list":["post-49387","post","type-post","status-publish","format-standard","has-post-thumbnail","hentry","category-xalapa"],"jetpack_featured_media_url":"https:\/\/encuentroinformativo.com.mx\/wp-content\/uploads\/2024\/01\/IMG-20240112-WA00802.jpg","jetpack_sharing_enabled":true,"jetpack_likes_enabled":true,"amp_enabled":true,"_links":{"self":[{"href":"https:\/\/encuentroinformativo.com.mx\/index.php?rest_route=\/wp\/v2\/posts\/49387","targetHints":{"allow":["GET"]}}],"collection":[{"href":"https:\/\/encuentroinformativo.com.mx\/index.php?rest_route=\/wp\/v2\/posts"}],"about":[{"href":"https:\/\/encuentroinformativo.com.mx\/index.php?rest_route=\/wp\/v2\/types\/post"}],"author":[{"embeddable":true,"href":"https:\/\/encuentroinformativo.com.mx\/index.php?rest_route=\/wp\/v2\/users\/2476"}],"replies":[{"embeddable":true,"href":"https:\/\/encuentroinformativo.com.mx\/index.php?rest_route=%2Fwp%2Fv2%2Fcomments&post=49387"}],"version-history":[{"count":1,"href":"https:\/\/encuentroinformativo.com.mx\/index.php?rest_route=\/wp\/v2\/posts\/49387\/revisions"}],"predecessor-version":[{"id":49390,"href":"https:\/\/encuentroinformativo.com.mx\/index.php?rest_route=\/wp\/v2\/posts\/49387\/revisions\/49390"}],"wp:featuredmedia":[{"embeddable":true,"href":"https:\/\/encuentroinformativo.com.mx\/index.php?rest_route=\/wp\/v2\/media\/49388"}],"wp:attachment":[{"href":"https:\/\/encuentroinformativo.com.mx\/index.php?rest_route=%2Fwp%2Fv2%2Fmedia&parent=49387"}],"wp:term":[{"taxonomy":"category","embeddable":true,"href":"https:\/\/encuentroinformativo.com.mx\/index.php?rest_route=%2Fwp%2Fv2%2Fcategories&post=49387"},{"taxonomy":"post_tag","embeddable":true,"href":"https:\/\/encuentroinformativo.com.mx\/index.php?rest_route=%2Fwp%2Fv2%2Ftags&post=49387"}],"curies":[{"name":"wp","href":"https:\/\/api.w.org\/{rel}","templated":true}]}}