{"id":49394,"date":"2024-01-13T14:31:11","date_gmt":"2024-01-13T20:31:11","guid":{"rendered":"https:\/\/encuentroinformativo.com.mx\/?p=49394"},"modified":"2024-01-13T14:31:16","modified_gmt":"2024-01-13T20:31:16","slug":"academicos-reclaman-pagos-en-la-uv","status":"publish","type":"post","link":"https:\/\/encuentroinformativo.com.mx\/?p=49394","title":{"rendered":"Acad\u00e9micos reclaman pagos en la UV"},"content":{"rendered":"\n<p><strong>Dar\u00edo Pale <\/strong><\/p>\n\n\n\n<p>Xalapa, Ver.- Colocan cartulinas en protesta por la falta de pago de la Casa de Estudios, los trabajadores acad\u00e9micos y administrativos de la Universidad Veracruzana, de diversas facultades.<\/p>\n\n\n\n<p>La Universidad expres\u00f3, a trav\u00e9s de un comunicado, que estaba programado para el viernes el pago de la primera quincena de enero.<\/p>\n\n\n\n<p>Sin embargo, algunos trabajadores presentaron retraso, expres\u00f3 la instituci\u00f3n en el texto oficial.<\/p>\n\n\n\n<p>La Universidad asegur\u00f3 que ya se hab\u00eda cubierto m\u00e1s del 95 por ciento del personal universitario y continuaban trabajando para solucionar el resto de las \u00f3rdenes de pago.<\/p>\n\n\n\n<p>La UV neg\u00f3 que se tratara de una falta de recursos econ\u00f3micos, por lo que en breve podr\u00edan contar con su quincena.<\/p>\n\n\n\n<p>Por lo anterior este s\u00e1bado en distintas facultades e institutos colocaron cartulinas exigiendo el pago de su quincena, de lo contrario, amenazan con ir a paro de labores.<\/p>\n\n\n\n<figure class=\"wp-block-image size-large\"><img loading=\"lazy\" decoding=\"async\" width=\"576\" height=\"1024\" src=\"https:\/\/encuentroinformativo.com.mx\/wp-content\/uploads\/2024\/01\/IMG-20240113-WA0024-576x1024.jpg\" alt=\"\" class=\"wp-image-49396\" srcset=\"https:\/\/encuentroinformativo.com.mx\/wp-content\/uploads\/2024\/01\/IMG-20240113-WA0024-576x1024.jpg 576w, https:\/\/encuentroinformativo.com.mx\/wp-content\/uploads\/2024\/01\/IMG-20240113-WA0024-169x300.jpg 169w, https:\/\/encuentroinformativo.com.mx\/wp-content\/uploads\/2024\/01\/IMG-20240113-WA0024-768x1365.jpg 768w, https:\/\/encuentroinformativo.com.mx\/wp-content\/uploads\/2024\/01\/IMG-20240113-WA0024-864x1536.jpg 864w, https:\/\/encuentroinformativo.com.mx\/wp-content\/uploads\/2024\/01\/IMG-20240113-WA0024.jpg 900w\" sizes=\"auto, (max-width: 576px) 100vw, 576px\" \/><\/figure>\n","protected":false},"excerpt":{"rendered":"<p>Dar\u00edo Pale Xalapa, Ver.- Colocan cartulinas en protesta por la falta de pago de la Casa de Estudios, los trabajadores acad\u00e9micos y administrativos de la Universidad Veracruzana, de diversas facultades. La Universidad expres\u00f3, a trav\u00e9s de un comunicado, que estaba programado para el viernes el pago de la primera quincena de enero. Sin embargo, algunos [&hellip;]<\/p>\n","protected":false},"author":2476,"featured_media":49395,"comment_status":"open","ping_status":"open","sticky":false,"template":"","format":"standard","meta":{"_jetpack_memberships_contains_paid_content":false,"footnotes":""},"categories":[2],"tags":[],"class_list":["post-49394","post","type-post","status-publish","format-standard","has-post-thumbnail","hentry","category-estado"],"jetpack_featured_media_url":"https:\/\/encuentroinformativo.com.mx\/wp-content\/uploads\/2024\/01\/IMG-20240113-WA00252.jpg","jetpack_sharing_enabled":true,"jetpack_likes_enabled":true,"amp_enabled":true,"_links":{"self":[{"href":"https:\/\/encuentroinformativo.com.mx\/index.php?rest_route=\/wp\/v2\/posts\/49394","targetHints":{"allow":["GET"]}}],"collection":[{"href":"https:\/\/encuentroinformativo.com.mx\/index.php?rest_route=\/wp\/v2\/posts"}],"about":[{"href":"https:\/\/encuentroinformativo.com.mx\/index.php?rest_route=\/wp\/v2\/types\/post"}],"author":[{"embeddable":true,"href":"https:\/\/encuentroinformativo.com.mx\/index.php?rest_route=\/wp\/v2\/users\/2476"}],"replies":[{"embeddable":true,"href":"https:\/\/encuentroinformativo.com.mx\/index.php?rest_route=%2Fwp%2Fv2%2Fcomments&post=49394"}],"version-history":[{"count":1,"href":"https:\/\/encuentroinformativo.com.mx\/index.php?rest_route=\/wp\/v2\/posts\/49394\/revisions"}],"predecessor-version":[{"id":49397,"href":"https:\/\/encuentroinformativo.com.mx\/index.php?rest_route=\/wp\/v2\/posts\/49394\/revisions\/49397"}],"wp:featuredmedia":[{"embeddable":true,"href":"https:\/\/encuentroinformativo.com.mx\/index.php?rest_route=\/wp\/v2\/media\/49395"}],"wp:attachment":[{"href":"https:\/\/encuentroinformativo.com.mx\/index.php?rest_route=%2Fwp%2Fv2%2Fmedia&parent=49394"}],"wp:term":[{"taxonomy":"category","embeddable":true,"href":"https:\/\/encuentroinformativo.com.mx\/index.php?rest_route=%2Fwp%2Fv2%2Fcategories&post=49394"},{"taxonomy":"post_tag","embeddable":true,"href":"https:\/\/encuentroinformativo.com.mx\/index.php?rest_route=%2Fwp%2Fv2%2Ftags&post=49394"}],"curies":[{"name":"wp","href":"https:\/\/api.w.org\/{rel}","templated":true}]}}