{"id":4941,"date":"2020-08-16T13:36:42","date_gmt":"2020-08-16T18:36:42","guid":{"rendered":"https:\/\/encuentroinformativo.com\/?p=4941"},"modified":"2020-08-16T13:36:44","modified_gmt":"2020-08-16T18:36:44","slug":"por-invasiones-en-riesgo-abasto-de-agua-para-coatepec","status":"publish","type":"post","link":"https:\/\/encuentroinformativo.com.mx\/?p=4941","title":{"rendered":"Por invasiones, en riesgo abasto de agua para Coatepec"},"content":{"rendered":"\n<p><strong>Juan Arcos <\/strong><\/p>\n\n\n\n<p>Coatepec, Ver.- El 85 por ciento del agua que abastece al municipio de Coatepec proviene de la reserva ecol\u00f3gica que est\u00e1 siendo invadida por m\u00e1s de 140 personas.<\/p>\n\n\n\n<p>As\u00ed lo revel\u00f3 Carlos Reyes, propietario de un predio en Tapachapan -zona colindante a la invasi\u00f3n-, quien a\u00f1adi\u00f3 que ya es notoria la tala clandestina de \u00e1rboles.<\/p>\n\n\n\n<p>El entrevistado record\u00f3 que existe un campamento en el ejido Jinicuil Manso, cuya superficie es de aproximadamente 2 mil hect\u00e1reas, donde los invasores derribaron \u00e1rboles para construir sus chozas.<\/p>\n\n\n\n<p>\u201cCortaron algunos \u00e1rboles para hacer siembras, a parte de construir sus casas. Ser\u00eda una afectaci\u00f3n para el municipio por la deforestaci\u00f3n que van a hacer\u201d.<\/p>\n\n\n\n<p>Las personas que invadieron la zona, pertenecen a la Central Independiente de Obreros Agr\u00edcolas y Campesinos (CIOAC), que encabeza Francisco Ruiz Hern\u00e1ndez.<\/p>\n\n\n\n<p>Los invasores son considerados \u201cviolentos\u201d por la poblaci\u00f3n, pues impiden que cualquier persona tome fotograf\u00edas de la zona afectada.<\/p>\n\n\n\n<p>\u201cNo te dejan ni siquiera dejar fotos, te agreden, te quieren sacar de la propiedad y no se ve el apoyo de las autoridades\u201d.<\/p>\n\n\n\n<p>Carlos Reyes record\u00f3 que el presidente municipal Luis Enrique Fern\u00e1ndez Peredo no se ha pronunciado sobre la posible contaminaci\u00f3n o la p\u00e9rdida de la fuente de abastecimiento, a causa de la deforestaci\u00f3n por parte de los invasores.<\/p>\n\n\n\n<p>\u201cEl alcalde no se ha pronunciado directamente, en cuanto a este asunto, y es problema de Coatepec si se contamina el agua, peor a\u00fan si se pierde por la deforestaci\u00f3n\u201d, a\u00f1adi\u00f3.<\/p>\n\n\n\n<p><\/p>\n","protected":false},"excerpt":{"rendered":"<p>Juan Arcos Coatepec, Ver.- El 85 por ciento del agua que abastece al municipio de Coatepec proviene de la reserva ecol\u00f3gica que est\u00e1 siendo invadida por m\u00e1s de 140 personas. As\u00ed lo revel\u00f3 Carlos Reyes, propietario de un predio en Tapachapan -zona colindante a la invasi\u00f3n-, quien a\u00f1adi\u00f3 que ya es notoria la tala clandestina [&hellip;]<\/p>\n","protected":false},"author":1,"featured_media":4942,"comment_status":"open","ping_status":"open","sticky":false,"template":"","format":"standard","meta":{"_jetpack_memberships_contains_paid_content":false,"footnotes":""},"categories":[8],"tags":[],"class_list":["post-4941","post","type-post","status-publish","format-standard","has-post-thumbnail","hentry","category-region"],"jetpack_featured_media_url":"https:\/\/encuentroinformativo.com.mx\/wp-content\/uploads\/2020\/08\/C90D3365-0715-4A52-ACBB-2D882F4ECE99.jpeg","jetpack_sharing_enabled":true,"jetpack_likes_enabled":true,"amp_enabled":true,"_links":{"self":[{"href":"https:\/\/encuentroinformativo.com.mx\/index.php?rest_route=\/wp\/v2\/posts\/4941","targetHints":{"allow":["GET"]}}],"collection":[{"href":"https:\/\/encuentroinformativo.com.mx\/index.php?rest_route=\/wp\/v2\/posts"}],"about":[{"href":"https:\/\/encuentroinformativo.com.mx\/index.php?rest_route=\/wp\/v2\/types\/post"}],"author":[{"embeddable":true,"href":"https:\/\/encuentroinformativo.com.mx\/index.php?rest_route=\/wp\/v2\/users\/1"}],"replies":[{"embeddable":true,"href":"https:\/\/encuentroinformativo.com.mx\/index.php?rest_route=%2Fwp%2Fv2%2Fcomments&post=4941"}],"version-history":[{"count":1,"href":"https:\/\/encuentroinformativo.com.mx\/index.php?rest_route=\/wp\/v2\/posts\/4941\/revisions"}],"predecessor-version":[{"id":4943,"href":"https:\/\/encuentroinformativo.com.mx\/index.php?rest_route=\/wp\/v2\/posts\/4941\/revisions\/4943"}],"wp:featuredmedia":[{"embeddable":true,"href":"https:\/\/encuentroinformativo.com.mx\/index.php?rest_route=\/wp\/v2\/media\/4942"}],"wp:attachment":[{"href":"https:\/\/encuentroinformativo.com.mx\/index.php?rest_route=%2Fwp%2Fv2%2Fmedia&parent=4941"}],"wp:term":[{"taxonomy":"category","embeddable":true,"href":"https:\/\/encuentroinformativo.com.mx\/index.php?rest_route=%2Fwp%2Fv2%2Fcategories&post=4941"},{"taxonomy":"post_tag","embeddable":true,"href":"https:\/\/encuentroinformativo.com.mx\/index.php?rest_route=%2Fwp%2Fv2%2Ftags&post=4941"}],"curies":[{"name":"wp","href":"https:\/\/api.w.org\/{rel}","templated":true}]}}