{"id":49423,"date":"2024-01-15T12:00:06","date_gmt":"2024-01-15T18:00:06","guid":{"rendered":"https:\/\/encuentroinformativo.com.mx\/?p=49423"},"modified":"2024-01-15T12:00:14","modified_gmt":"2024-01-15T18:00:14","slug":"con-misa-piden-colectivos-por-sus-familiares-desaparecidos","status":"publish","type":"post","link":"https:\/\/encuentroinformativo.com.mx\/?p=49423","title":{"rendered":"Con misa, piden colectivos por sus familiares desaparecidos"},"content":{"rendered":"\n<p><strong>Juan Arcos <\/strong><\/p>\n\n\n\n<p>Xalapa, Ver.- Colectivos de b\u00fasqueda realizaron una misa para pedir por las personas que est\u00e1n desaparecidas en el estado de Veracruz, donde los casos contin\u00faan en aumento en las distintas regiones.<\/p>\n\n\n\n<p>La celebraci\u00f3n fue encabezada por Luis Orlando P\u00e9rez Jim\u00e9nez, padre jesuita y abogado del Centro Pro Derechos Humanos, en la ciudad petrolera de Poza Rica, ubicada en la zona norte de la entidad.<\/p>\n\n\n\n<p>Esto se llev\u00f3 a cabo en el \u00c1rbol de la Esperanza donde se observan las fotograf\u00edas de algunas desaparecidas y desaparecidos, cuyos familiares mantienen las acciones de b\u00fasqueda con la esperanza de localizarlos con vida.<\/p>\n\n\n\n<p>El religioso hizo una petici\u00f3n a Dios por los desaparecidos y desaparecidas de Poza Rica y los dem\u00e1s municipios veracruzanos, bajo el \u00e1rbol que simboliza la lucha y la memoria.<\/p>\n\n\n\n<p>Se habla de m\u00e1s de 200 personas que son buscadas por los integrantes del colectivo Mar\u00eda Herrera Poza Rica, algunos casos datan desde hace m\u00e1s de diez a\u00f1os.<\/p>\n\n\n\n<p>\u201cEsa es una primera petici\u00f3n que le vamos a hacer a Dios hoy, aqu\u00ed en el \u00e1rbol de la esperanza por nuestros y nuestras desaparecidas y desaparecidos. Bajo este \u00e1rbol que ha sido s\u00edmbolo de la resistencia de su lucha, s\u00edmbolo de memoria y s\u00edmbolo para recordarles a toda la sociedad que nos siguen faltando m\u00e1s de 200 personas del colectivo\u201d.<\/p>\n\n\n\n<p>P\u00e9rez Jim\u00e9nez celebr\u00f3 que gracias a la lucha del colectivo mencionado han sido localizadas m\u00e1s de 38 personas.<\/p>\n\n\n\n<p>\u201cGracias a su lucha ustedes ya han encontrado m\u00e1s de 38 y eso es un gran avance y toda la sociedad les tenemos un enorme agradecimiento por lo que han hecho por nosotros\u201d, expres\u00f3.<\/p>\n\n\n\n<p>Colectivos de las distintas regiones del estado sostienen que los casos de desaparecidos contin\u00faan en aumento, por lo que se requieren acciones emergentes para frenar el problema.<\/p>\n","protected":false},"excerpt":{"rendered":"<p>Juan Arcos Xalapa, Ver.- Colectivos de b\u00fasqueda realizaron una misa para pedir por las personas que est\u00e1n desaparecidas en el estado de Veracruz, donde los casos contin\u00faan en aumento en las distintas regiones. La celebraci\u00f3n fue encabezada por Luis Orlando P\u00e9rez Jim\u00e9nez, padre jesuita y abogado del Centro Pro Derechos Humanos, en la ciudad petrolera [&hellip;]<\/p>\n","protected":false},"author":2476,"featured_media":49424,"comment_status":"open","ping_status":"open","sticky":false,"template":"","format":"standard","meta":{"_jetpack_memberships_contains_paid_content":false,"footnotes":""},"categories":[2],"tags":[],"class_list":["post-49423","post","type-post","status-publish","format-standard","has-post-thumbnail","hentry","category-estado"],"jetpack_featured_media_url":"https:\/\/encuentroinformativo.com.mx\/wp-content\/uploads\/2024\/01\/3c728ad0-94ce-4815-825e-030d74a80835.jpg","jetpack_sharing_enabled":true,"jetpack_likes_enabled":true,"amp_enabled":true,"_links":{"self":[{"href":"https:\/\/encuentroinformativo.com.mx\/index.php?rest_route=\/wp\/v2\/posts\/49423","targetHints":{"allow":["GET"]}}],"collection":[{"href":"https:\/\/encuentroinformativo.com.mx\/index.php?rest_route=\/wp\/v2\/posts"}],"about":[{"href":"https:\/\/encuentroinformativo.com.mx\/index.php?rest_route=\/wp\/v2\/types\/post"}],"author":[{"embeddable":true,"href":"https:\/\/encuentroinformativo.com.mx\/index.php?rest_route=\/wp\/v2\/users\/2476"}],"replies":[{"embeddable":true,"href":"https:\/\/encuentroinformativo.com.mx\/index.php?rest_route=%2Fwp%2Fv2%2Fcomments&post=49423"}],"version-history":[{"count":1,"href":"https:\/\/encuentroinformativo.com.mx\/index.php?rest_route=\/wp\/v2\/posts\/49423\/revisions"}],"predecessor-version":[{"id":49425,"href":"https:\/\/encuentroinformativo.com.mx\/index.php?rest_route=\/wp\/v2\/posts\/49423\/revisions\/49425"}],"wp:featuredmedia":[{"embeddable":true,"href":"https:\/\/encuentroinformativo.com.mx\/index.php?rest_route=\/wp\/v2\/media\/49424"}],"wp:attachment":[{"href":"https:\/\/encuentroinformativo.com.mx\/index.php?rest_route=%2Fwp%2Fv2%2Fmedia&parent=49423"}],"wp:term":[{"taxonomy":"category","embeddable":true,"href":"https:\/\/encuentroinformativo.com.mx\/index.php?rest_route=%2Fwp%2Fv2%2Fcategories&post=49423"},{"taxonomy":"post_tag","embeddable":true,"href":"https:\/\/encuentroinformativo.com.mx\/index.php?rest_route=%2Fwp%2Fv2%2Ftags&post=49423"}],"curies":[{"name":"wp","href":"https:\/\/api.w.org\/{rel}","templated":true}]}}