{"id":49429,"date":"2024-01-15T13:36:32","date_gmt":"2024-01-15T19:36:32","guid":{"rendered":"https:\/\/encuentroinformativo.com.mx\/?p=49429"},"modified":"2024-01-15T13:36:36","modified_gmt":"2024-01-15T19:36:36","slug":"ante-temporada-de-incendios-forestales-se-prepara-proteccion-civil","status":"publish","type":"post","link":"https:\/\/encuentroinformativo.com.mx\/?p=49429","title":{"rendered":"Ante temporada de incendios forestales se prepara Protecci\u00f3n Civil"},"content":{"rendered":"\n<p><strong>Dar\u00edo Pale <\/strong><\/p>\n\n\n\n<p>Xalapa, Ver.- La titular de la Secretar\u00eda de Protecci\u00f3n Civil Estatal, Guadalupe Osorno Maldonado dio a conocer que, este lunes 15 de enero inicia la temporada de incendios forestales en el pa\u00eds, por lo que la Secretar\u00eda de Protecci\u00f3n Civil inici\u00f3 una campa\u00f1a para concientizar a la poblaci\u00f3n y reducir el riesgo de afectaciones en la entidad veracruzana.\u00a0<\/p>\n\n\n\n<p>En entrevista, record\u00f3 que en muchas \u00e1reas este tipo de siniestros se presentan cuando la vegetaci\u00f3n est\u00e1 seca y existe mayor riesgo de que el fuego se propague r\u00e1pidamente.<\/p>\n\n\n\n<p>Aunque en algunas regiones los incendios forestales ocurren en cualquier \u00e9poca del a\u00f1o si las condiciones favorecen su propagaci\u00f3n, lo que deriva en impactos devastadores en el medio ambiente.<\/p>\n\n\n\n<p>De acuerdo al calendario de temporadas y fen\u00f3menos meteorol\u00f3gicos, la temporada de incendios forestales concluye el 30 de junio.<\/p>\n\n\n\n<p>Por \u00faltimo coment\u00f3 que durante 2023, en el estado de Veracruz se registraron 218 incendios forestales, mismos que dejaron m\u00e1s de 2 mil 226 hect\u00e1reas de afectaci\u00f3n.<\/p>\n","protected":false},"excerpt":{"rendered":"<p>Dar\u00edo Pale Xalapa, Ver.- La titular de la Secretar\u00eda de Protecci\u00f3n Civil Estatal, Guadalupe Osorno Maldonado dio a conocer que, este lunes 15 de enero inicia la temporada de incendios forestales en el pa\u00eds, por lo que la Secretar\u00eda de Protecci\u00f3n Civil inici\u00f3 una campa\u00f1a para concientizar a la poblaci\u00f3n y reducir el riesgo de [&hellip;]<\/p>\n","protected":false},"author":2476,"featured_media":49430,"comment_status":"open","ping_status":"open","sticky":false,"template":"","format":"standard","meta":{"_jetpack_memberships_contains_paid_content":false,"footnotes":""},"categories":[2],"tags":[],"class_list":["post-49429","post","type-post","status-publish","format-standard","has-post-thumbnail","hentry","category-estado"],"jetpack_featured_media_url":"https:\/\/encuentroinformativo.com.mx\/wp-content\/uploads\/2024\/01\/IMG-20240115-WA0023.jpg","jetpack_sharing_enabled":true,"jetpack_likes_enabled":true,"amp_enabled":true,"_links":{"self":[{"href":"https:\/\/encuentroinformativo.com.mx\/index.php?rest_route=\/wp\/v2\/posts\/49429","targetHints":{"allow":["GET"]}}],"collection":[{"href":"https:\/\/encuentroinformativo.com.mx\/index.php?rest_route=\/wp\/v2\/posts"}],"about":[{"href":"https:\/\/encuentroinformativo.com.mx\/index.php?rest_route=\/wp\/v2\/types\/post"}],"author":[{"embeddable":true,"href":"https:\/\/encuentroinformativo.com.mx\/index.php?rest_route=\/wp\/v2\/users\/2476"}],"replies":[{"embeddable":true,"href":"https:\/\/encuentroinformativo.com.mx\/index.php?rest_route=%2Fwp%2Fv2%2Fcomments&post=49429"}],"version-history":[{"count":1,"href":"https:\/\/encuentroinformativo.com.mx\/index.php?rest_route=\/wp\/v2\/posts\/49429\/revisions"}],"predecessor-version":[{"id":49431,"href":"https:\/\/encuentroinformativo.com.mx\/index.php?rest_route=\/wp\/v2\/posts\/49429\/revisions\/49431"}],"wp:featuredmedia":[{"embeddable":true,"href":"https:\/\/encuentroinformativo.com.mx\/index.php?rest_route=\/wp\/v2\/media\/49430"}],"wp:attachment":[{"href":"https:\/\/encuentroinformativo.com.mx\/index.php?rest_route=%2Fwp%2Fv2%2Fmedia&parent=49429"}],"wp:term":[{"taxonomy":"category","embeddable":true,"href":"https:\/\/encuentroinformativo.com.mx\/index.php?rest_route=%2Fwp%2Fv2%2Fcategories&post=49429"},{"taxonomy":"post_tag","embeddable":true,"href":"https:\/\/encuentroinformativo.com.mx\/index.php?rest_route=%2Fwp%2Fv2%2Ftags&post=49429"}],"curies":[{"name":"wp","href":"https:\/\/api.w.org\/{rel}","templated":true}]}}