{"id":4944,"date":"2020-08-16T14:31:48","date_gmt":"2020-08-16T19:31:48","guid":{"rendered":"https:\/\/encuentroinformativo.com\/?p=4944"},"modified":"2020-08-16T14:31:51","modified_gmt":"2020-08-16T19:31:51","slug":"autodefensas-seguimos-trabajando-en-veracruz-anuncian","status":"publish","type":"post","link":"https:\/\/encuentroinformativo.com.mx\/?p=4944","title":{"rendered":"Autodefensas seguimos trabajando en Veracruz, anuncian"},"content":{"rendered":"\n<p><strong>Juan Arcos <\/strong><\/p>\n\n\n\n<p>Xalapa, Ver.- En el estado de Veracruz operan autodefensas para combatir los secuestros, cobros de piso, extorsiones, robos y dem\u00e1s delitos.<\/p>\n\n\n\n<p>El comandante de autodefensas en Veracruz, David Villalobos, confirm\u00f3 que este fin de semana, integrantes del Frente Nacional de Autodefensas -que dirige Jos\u00e9 Mireles Valverde- se reunieron en la sierra de Acultzingo, ubicada en la regi\u00f3n de las Altas Monta\u00f1as de Veracruz, para tratar asuntos relacionados con la inseguridad en zonas marginadas.<\/p>\n\n\n\n<p>Se habla de que actualmente hay \u201cmuchas\u201d comunidades organizadas para defender a sus familias de la delincuencia.<\/p>\n\n\n\n<p>\u201cEstamos en contra de que violenten a la sociedad civil trabajadora, estamos en contra de aquellos que le hacen da\u00f1o al pueblo de bien, al pueblo de a pie, al pueblo que se dedica todos los d\u00edas a luchas para sacar a sus familias adelante\u201d, expres\u00f3 David Villalobos.<\/p>\n\n\n\n<p>El autodefensa contest\u00f3 al gobernador Cuitl\u00e1huac Garc\u00eda Jim\u00e9nez que s\u00ed hay autodefensas en Veracruz, sobre todo en zonas serranas, donde el Estado no garantiza la seguridad de los pobladores.<\/p>\n\n\n\n<p>\u201cQuiero decirle al se\u00f1or Gobernador que s\u00ed hay pueblo organizado, que s\u00ed hay comunidades organizadas, que s\u00ed hay autodefensas comunitarias en las zonas serranas, en los pueblos, s\u00ed existen, s\u00ed existimos\u201d.<\/p>\n\n\n\n<p>Cabe recordar que el mandatario estatal hace unos d\u00edas declar\u00f3 que en Veracruz no hay indicios de presencia de autodefensas \u201cleg\u00edtimas\u201d y a\u00f1adi\u00f3 que quienes salieron a la luz p\u00fablica, cansados de la delincuencia, en semanas pasadas, en Acultzingo y Maltrata, eran grupos delincuenciales.<\/p>\n\n\n\n<p>Al respecto, el comandante de autodefensas en Veracruz se\u00f1al\u00f3 que buscan coadyuvar con las autoridades municipales, estatales y federales para lograr la restauraci\u00f3n del tejido social en el estado y el pa\u00eds.<\/p>\n\n\n\n<p>\u201cEsa es la intenci\u00f3n que traemos a nivel nacional, invito a todos mis compa\u00f1eros y amigos autodefensas que empecemos con esta gran labor, se\u00f1ores, lev\u00e1ntense, alcen la mano, den un paso adelante, este trabajo es de todos, este trabajo es de todos los mexicanos, de todos y todas. Si nosotros no buscamos la dignidad de nuestras colonias, territorios, comunidades, pueblos, ranchos, nadie lo va a hacer\u201d, remat\u00f3.<\/p>\n\n\n\n<p><\/p>\n","protected":false},"excerpt":{"rendered":"<p>Juan Arcos Xalapa, Ver.- En el estado de Veracruz operan autodefensas para combatir los secuestros, cobros de piso, extorsiones, robos y dem\u00e1s delitos. El comandante de autodefensas en Veracruz, David Villalobos, confirm\u00f3 que este fin de semana, integrantes del Frente Nacional de Autodefensas -que dirige Jos\u00e9 Mireles Valverde- se reunieron en la sierra de Acultzingo, [&hellip;]<\/p>\n","protected":false},"author":1,"featured_media":4945,"comment_status":"open","ping_status":"open","sticky":false,"template":"","format":"standard","meta":{"_jetpack_memberships_contains_paid_content":false,"footnotes":""},"categories":[2],"tags":[],"class_list":["post-4944","post","type-post","status-publish","format-standard","has-post-thumbnail","hentry","category-estado"],"jetpack_featured_media_url":"https:\/\/encuentroinformativo.com.mx\/wp-content\/uploads\/2020\/08\/DEF71C65-3D44-4CAD-95AB-B967FCF21162.jpeg","jetpack_sharing_enabled":true,"jetpack_likes_enabled":true,"amp_enabled":true,"_links":{"self":[{"href":"https:\/\/encuentroinformativo.com.mx\/index.php?rest_route=\/wp\/v2\/posts\/4944","targetHints":{"allow":["GET"]}}],"collection":[{"href":"https:\/\/encuentroinformativo.com.mx\/index.php?rest_route=\/wp\/v2\/posts"}],"about":[{"href":"https:\/\/encuentroinformativo.com.mx\/index.php?rest_route=\/wp\/v2\/types\/post"}],"author":[{"embeddable":true,"href":"https:\/\/encuentroinformativo.com.mx\/index.php?rest_route=\/wp\/v2\/users\/1"}],"replies":[{"embeddable":true,"href":"https:\/\/encuentroinformativo.com.mx\/index.php?rest_route=%2Fwp%2Fv2%2Fcomments&post=4944"}],"version-history":[{"count":1,"href":"https:\/\/encuentroinformativo.com.mx\/index.php?rest_route=\/wp\/v2\/posts\/4944\/revisions"}],"predecessor-version":[{"id":4946,"href":"https:\/\/encuentroinformativo.com.mx\/index.php?rest_route=\/wp\/v2\/posts\/4944\/revisions\/4946"}],"wp:featuredmedia":[{"embeddable":true,"href":"https:\/\/encuentroinformativo.com.mx\/index.php?rest_route=\/wp\/v2\/media\/4945"}],"wp:attachment":[{"href":"https:\/\/encuentroinformativo.com.mx\/index.php?rest_route=%2Fwp%2Fv2%2Fmedia&parent=4944"}],"wp:term":[{"taxonomy":"category","embeddable":true,"href":"https:\/\/encuentroinformativo.com.mx\/index.php?rest_route=%2Fwp%2Fv2%2Fcategories&post=4944"},{"taxonomy":"post_tag","embeddable":true,"href":"https:\/\/encuentroinformativo.com.mx\/index.php?rest_route=%2Fwp%2Fv2%2Ftags&post=4944"}],"curies":[{"name":"wp","href":"https:\/\/api.w.org\/{rel}","templated":true}]}}