{"id":49444,"date":"2024-01-15T14:53:27","date_gmt":"2024-01-15T20:53:27","guid":{"rendered":"https:\/\/encuentroinformativo.com.mx\/?p=49444"},"modified":"2024-01-15T14:53:31","modified_gmt":"2024-01-15T20:53:31","slug":"ingenieria-cefad-presenta-proyecto-academico-deportivo","status":"publish","type":"post","link":"https:\/\/encuentroinformativo.com.mx\/?p=49444","title":{"rendered":"Ingenier\u00eda CEFAD presenta proyecto acad\u00e9mico &#8211; deportivo"},"content":{"rendered":"\n<p><strong>Alejandro \u00c1vila<\/strong><\/p>\n\n\n\n<p>Boca del R\u00edo, Ver.- Este lunes se presenta de manera oficial el proyecto acad\u00e9mico &#8211; deportivo de Ingenier\u00eda CEFAD, el cual contempla el desarrollo escolar de j\u00f3venes de secundaria, bachillerato y hasta universidad.<\/p>\n\n\n\n<p>Francisco Ortiz Mart\u00ednez, director ejecutivo del programa mencion\u00f3 que de manera alterna se estar\u00e1 conjuntando con un proyecto deportivo en las disciplinas de f\u00fatbol, b\u00e1squetbol, voleibol y b\u00e9isbol para hombres y mujeres.<\/p>\n\n\n\n<p>&#8220;Incluye poder otorgarle a los j\u00f3venes que quieran practicar deporte una herramienta alterna para su desarrollo como seres humanos, cursos de capacitaci\u00f3n y licenciatura en caso de as\u00ed requerirlo&#8221;, expres\u00f3.<\/p>\n\n\n\n<p>La intenci\u00f3n de este proyecto es brindar una alternativa acad\u00e9mica a todos los j\u00f3venes destacados en el \u00e1mbito deportivo, ya que a lo largo de los a\u00f1os se ha notado que varias promesas en diversas disciplinas han truncado sus carreras debido a las lesiones, y esto ha provocado una menor calidad de vida, ya que muchos no contaban con los estudios necesarios para colocarse un buen empleo.<\/p>\n\n\n\n<p>A lo largo de este 2024 se estar\u00e1n inaugurando las escuelitas deportivas en la Unidad Deportiva &#8220;Tlapamicitla&#8221;; el pr\u00f3ximo 5 de febrero arranca la academia de f\u00fatbol.<\/p>\n","protected":false},"excerpt":{"rendered":"<p>Alejandro \u00c1vila Boca del R\u00edo, Ver.- Este lunes se presenta de manera oficial el proyecto acad\u00e9mico &#8211; deportivo de Ingenier\u00eda CEFAD, el cual contempla el desarrollo escolar de j\u00f3venes de secundaria, bachillerato y hasta universidad. Francisco Ortiz Mart\u00ednez, director ejecutivo del programa mencion\u00f3 que de manera alterna se estar\u00e1 conjuntando con un proyecto deportivo en [&hellip;]<\/p>\n","protected":false},"author":2476,"featured_media":49445,"comment_status":"open","ping_status":"open","sticky":false,"template":"","format":"standard","meta":{"_jetpack_memberships_contains_paid_content":false,"footnotes":""},"categories":[2],"tags":[],"class_list":["post-49444","post","type-post","status-publish","format-standard","has-post-thumbnail","hentry","category-estado"],"jetpack_featured_media_url":"https:\/\/encuentroinformativo.com.mx\/wp-content\/uploads\/2024\/01\/IMG-20240115-WA00892.jpg","jetpack_sharing_enabled":true,"jetpack_likes_enabled":true,"amp_enabled":true,"_links":{"self":[{"href":"https:\/\/encuentroinformativo.com.mx\/index.php?rest_route=\/wp\/v2\/posts\/49444","targetHints":{"allow":["GET"]}}],"collection":[{"href":"https:\/\/encuentroinformativo.com.mx\/index.php?rest_route=\/wp\/v2\/posts"}],"about":[{"href":"https:\/\/encuentroinformativo.com.mx\/index.php?rest_route=\/wp\/v2\/types\/post"}],"author":[{"embeddable":true,"href":"https:\/\/encuentroinformativo.com.mx\/index.php?rest_route=\/wp\/v2\/users\/2476"}],"replies":[{"embeddable":true,"href":"https:\/\/encuentroinformativo.com.mx\/index.php?rest_route=%2Fwp%2Fv2%2Fcomments&post=49444"}],"version-history":[{"count":1,"href":"https:\/\/encuentroinformativo.com.mx\/index.php?rest_route=\/wp\/v2\/posts\/49444\/revisions"}],"predecessor-version":[{"id":49446,"href":"https:\/\/encuentroinformativo.com.mx\/index.php?rest_route=\/wp\/v2\/posts\/49444\/revisions\/49446"}],"wp:featuredmedia":[{"embeddable":true,"href":"https:\/\/encuentroinformativo.com.mx\/index.php?rest_route=\/wp\/v2\/media\/49445"}],"wp:attachment":[{"href":"https:\/\/encuentroinformativo.com.mx\/index.php?rest_route=%2Fwp%2Fv2%2Fmedia&parent=49444"}],"wp:term":[{"taxonomy":"category","embeddable":true,"href":"https:\/\/encuentroinformativo.com.mx\/index.php?rest_route=%2Fwp%2Fv2%2Fcategories&post=49444"},{"taxonomy":"post_tag","embeddable":true,"href":"https:\/\/encuentroinformativo.com.mx\/index.php?rest_route=%2Fwp%2Fv2%2Ftags&post=49444"}],"curies":[{"name":"wp","href":"https:\/\/api.w.org\/{rel}","templated":true}]}}