{"id":49450,"date":"2024-01-15T11:58:52","date_gmt":"2024-01-15T17:58:52","guid":{"rendered":"https:\/\/encuentroinformativo.com.mx\/?p=49450"},"modified":"2024-01-15T16:03:49","modified_gmt":"2024-01-15T22:03:49","slug":"consulta-en-medellin-fue-una-farsa-acusa-empresario","status":"publish","type":"post","link":"https:\/\/encuentroinformativo.com.mx\/?p=49450","title":{"rendered":"Consulta en Medell\u00edn fue una farsa, acusa empresario"},"content":{"rendered":"\n<p><strong>Alejandro \u00c1vila<\/strong><\/p>\n\n\n\n<p>Medell\u00edn de Bravo, Ver.- El empresario, Guillermo Herrada Jim\u00e9nez, denunci\u00f3 la presunta Consulta Ciudadana que se realiz\u00f3 este domingo 14 de enero en el municipio de Medell\u00edn de Bravo, la cual catalog\u00f3 como una farsa.<\/p>\n\n\n\n<p>El abogado de profesi\u00f3n expuso que se trat\u00f3 de una acci\u00f3n ilegal y tendenciosa, adem\u00e1s, innecesaria, puesto que el Cabildo ya hab\u00eda autorizado semanas antes la venta del terreno a la empresa Chedraui.<\/p>\n\n\n\n<p>Cabe mencionar que el Ayuntamiento de Medell\u00edn de Bravo realiz\u00f3 una Consulta Ciudadana, donde se le preguntaba a los pobladores de la localidad de El Tejar si aceptaban la venta del Sal\u00f3n Social para que este se convirtiera en una tienda de conveniencia Chedraui.<\/p>\n\n\n\n<p>&#8220;Considero que hubo much\u00edsimas irregularidades, una de ellas, una boleta donde en esa misma pregunta que est\u00e1 muy muy escueta, aparec\u00eda la foto del Chedraui, legalmente y te lo digo porque soy abogado est\u00e1 induciendo, por supuesto, a votar a favor&#8221;, expres\u00f3.<\/p>\n\n\n\n<p>Incluso, el empresario se\u00f1al\u00f3 que quienes organizaron la encuesta fueron los militantes del Partido Verde Ecologista, al mismo, tiempo integrantes de este instituto pol\u00edtico &#8220;acarrearon&#8221; a personas para que fueran a votar, y estas no solo eran habitantes del municipio de Medell\u00edn de Bravo, sino que tambi\u00e9n sufragaron personas de Veracruz y Boca del R\u00edo.<\/p>\n\n\n\n<p>&#8220;Esa encuesta falsa con una serie de irregularidades impresionantes, se hizo despu\u00e9s de que tomara el Cabildo la decisi\u00f3n, por qu\u00e9 eso no lo hicieron antes de haber sometido a votaci\u00f3n de Cabildo a la venta de ese inmueble&#8221;, asest\u00f3.<\/p>\n\n\n\n<p>Finalmente, Guillermo Herrada dijo que a pesar de que un grupo de ciudadanos ir\u00e1 al Congreso de Veracruz para intentar echar abajo la venta de este espacio p\u00fablico municipal, la situaci\u00f3n luce complicada puesto que es una decisi\u00f3n ya tomada por Cabildo y al ser un ente aut\u00f3nomo cuenta con total de legalidad.<\/p>\n","protected":false},"excerpt":{"rendered":"<p>Alejandro \u00c1vila Medell\u00edn de Bravo, Ver.- El empresario, Guillermo Herrada Jim\u00e9nez, denunci\u00f3 la presunta Consulta Ciudadana que se realiz\u00f3 este domingo 14 de enero en el municipio de Medell\u00edn de Bravo, la cual catalog\u00f3 como una farsa. El abogado de profesi\u00f3n expuso que se trat\u00f3 de una acci\u00f3n ilegal y tendenciosa, adem\u00e1s, innecesaria, puesto que [&hellip;]<\/p>\n","protected":false},"author":2476,"featured_media":49451,"comment_status":"open","ping_status":"open","sticky":false,"template":"","format":"standard","meta":{"_jetpack_memberships_contains_paid_content":false,"footnotes":""},"categories":[2],"tags":[],"class_list":["post-49450","post","type-post","status-publish","format-standard","has-post-thumbnail","hentry","category-estado"],"jetpack_featured_media_url":"https:\/\/encuentroinformativo.com.mx\/wp-content\/uploads\/2024\/01\/IMG-20240115-WA0105.jpg","jetpack_sharing_enabled":true,"jetpack_likes_enabled":true,"amp_enabled":true,"_links":{"self":[{"href":"https:\/\/encuentroinformativo.com.mx\/index.php?rest_route=\/wp\/v2\/posts\/49450","targetHints":{"allow":["GET"]}}],"collection":[{"href":"https:\/\/encuentroinformativo.com.mx\/index.php?rest_route=\/wp\/v2\/posts"}],"about":[{"href":"https:\/\/encuentroinformativo.com.mx\/index.php?rest_route=\/wp\/v2\/types\/post"}],"author":[{"embeddable":true,"href":"https:\/\/encuentroinformativo.com.mx\/index.php?rest_route=\/wp\/v2\/users\/2476"}],"replies":[{"embeddable":true,"href":"https:\/\/encuentroinformativo.com.mx\/index.php?rest_route=%2Fwp%2Fv2%2Fcomments&post=49450"}],"version-history":[{"count":1,"href":"https:\/\/encuentroinformativo.com.mx\/index.php?rest_route=\/wp\/v2\/posts\/49450\/revisions"}],"predecessor-version":[{"id":49452,"href":"https:\/\/encuentroinformativo.com.mx\/index.php?rest_route=\/wp\/v2\/posts\/49450\/revisions\/49452"}],"wp:featuredmedia":[{"embeddable":true,"href":"https:\/\/encuentroinformativo.com.mx\/index.php?rest_route=\/wp\/v2\/media\/49451"}],"wp:attachment":[{"href":"https:\/\/encuentroinformativo.com.mx\/index.php?rest_route=%2Fwp%2Fv2%2Fmedia&parent=49450"}],"wp:term":[{"taxonomy":"category","embeddable":true,"href":"https:\/\/encuentroinformativo.com.mx\/index.php?rest_route=%2Fwp%2Fv2%2Fcategories&post=49450"},{"taxonomy":"post_tag","embeddable":true,"href":"https:\/\/encuentroinformativo.com.mx\/index.php?rest_route=%2Fwp%2Fv2%2Ftags&post=49450"}],"curies":[{"name":"wp","href":"https:\/\/api.w.org\/{rel}","templated":true}]}}