{"id":49474,"date":"2024-01-16T14:34:04","date_gmt":"2024-01-16T20:34:04","guid":{"rendered":"https:\/\/encuentroinformativo.com.mx\/?p=49474"},"modified":"2024-01-16T14:34:09","modified_gmt":"2024-01-16T20:34:09","slug":"familiares-mantienen-busqueda-de-nohe-suarez-desaparecio-en-perote","status":"publish","type":"post","link":"https:\/\/encuentroinformativo.com.mx\/?p=49474","title":{"rendered":"Familiares mantienen b\u00fasqueda de Nohe Su\u00e1rez, desapareci\u00f3 en Perote"},"content":{"rendered":"\n<p><strong>Juan Arcos <\/strong><\/p>\n\n\n\n<p>Xalapa, Ver.- Nohe Su\u00e1rez Gonz\u00e1lez, de 51 a\u00f1os, fue reportado como desaparecido desde la madrugada del pasado 6 de enero en el municipio de Perote y hasta el momento sus familiares no han logrado localizarlo.<\/p>\n\n\n\n<p>Se perdi\u00f3 la comunicaci\u00f3n con \u00e9l despu\u00e9s de que acudiera a un convivi\u00f3 con un grupo de sus compa\u00f1eros del trabajo.<\/p>\n\n\n\n<p>Nohe es originario de la localidad La Estanzuela, municipio de Emiliano Zapata, una zona conurbada con la ciudad de Xalapa. La \u00faltima vez fue visto aquella madrugada en la zona del Valle de Perote, donde estuvo conviviendo al interior de un bar.<\/p>\n\n\n\n<p>Su hija Nohem\u00ed Su\u00e1rez relat\u00f3 que su pap\u00e1 se comunic\u00f3 con su esposa el viernes 5 de enero y le inform\u00f3 que regresar\u00eda a casa hasta el s\u00e1bado, pero hasta este momento no se sabe nada de \u00e9l.<\/p>\n\n\n\n<p>\u201cLo estuvimos esperando, pero no contest\u00f3 y fue como a las 2 de la tarde cuando le llam\u00e9, pero mandaba buz\u00f3n, aunque para ese momento no estaba muy alta mi preocupaci\u00f3n, pues dije que estaba en el lapso pues casi siempre llegaba en la tarde\u201d, expres\u00f3.<\/p>\n\n\n\n<p>El patr\u00f3n de Nohe notific\u00f3 que salieron del bar, pero el se\u00f1or regres\u00f3 por una persona a quien identifican como \u201cEl Gato\u201d y despu\u00e9s de eso se extravi\u00f3.<\/p>\n\n\n\n<p>\u201cSe regres\u00f3 por El Gato y no pens\u00e9 que pasar\u00eda a mayores, esperando a que regresaran a la casa ah\u00ed donde rentan\u201d, narr\u00f3 Nohem\u00ed.<\/p>\n\n\n\n<p>Adem\u00e1s, indic\u00f3 que las c\u00e1maras de videovigilancia muestran que salieron del centro nocturno donde conviv\u00eda. \u00c9l iba con su compa\u00f1ero de trabajo y dos personas m\u00e1s a quienes desconocen.<\/p>\n\n\n\n<p>Nohe Su\u00e1rez labora como herrero y al momento de su desaparici\u00f3n portaba el uniforme de la empresa. Vest\u00eda pantal\u00f3n de mezclilla azul, camisa azul con reflejantes en los hombros, chamarra negra y tenis.<\/p>\n\n\n\n<p>Por este caso fue presentada la denuncia en la Fiscal\u00eda General del Estado (FGE) de Veracruz y la Comisi\u00f3n Estatal de B\u00fasqueda emiti\u00f3 la ficha correspondiente.<\/p>\n\n\n\n<p>Nohe ya fue buscado en hospitales, c\u00e1rceles y en diversas localidades de Perote, Villa Aldama y Jalacingo, pero a\u00fan no hay indicios de su paradero.<\/p>\n\n\n\n<p>Las personas que tengan informaci\u00f3n sobre Nohe Su\u00e1rez Gonz\u00e1lez pueden comunicarse al n\u00famero 228 319 3187 y al 911.<\/p>\n\n\n\n<figure class=\"wp-block-image size-large\"><img loading=\"lazy\" decoding=\"async\" width=\"1024\" height=\"1024\" src=\"https:\/\/encuentroinformativo.com.mx\/wp-content\/uploads\/2024\/01\/04c3ed0f-0b2c-4655-bec2-dc0f44192d1a-1024x1024.jpg\" alt=\"\" class=\"wp-image-49476\" srcset=\"https:\/\/encuentroinformativo.com.mx\/wp-content\/uploads\/2024\/01\/04c3ed0f-0b2c-4655-bec2-dc0f44192d1a.jpg 1024w, https:\/\/encuentroinformativo.com.mx\/wp-content\/uploads\/2024\/01\/04c3ed0f-0b2c-4655-bec2-dc0f44192d1a-300x300.jpg 300w, https:\/\/encuentroinformativo.com.mx\/wp-content\/uploads\/2024\/01\/04c3ed0f-0b2c-4655-bec2-dc0f44192d1a-150x150.jpg 150w, https:\/\/encuentroinformativo.com.mx\/wp-content\/uploads\/2024\/01\/04c3ed0f-0b2c-4655-bec2-dc0f44192d1a-768x768.jpg 768w\" sizes=\"auto, (max-width: 1024px) 100vw, 1024px\" \/><\/figure>\n","protected":false},"excerpt":{"rendered":"<p>Juan Arcos Xalapa, Ver.- Nohe Su\u00e1rez Gonz\u00e1lez, de 51 a\u00f1os, fue reportado como desaparecido desde la madrugada del pasado 6 de enero en el municipio de Perote y hasta el momento sus familiares no han logrado localizarlo. Se perdi\u00f3 la comunicaci\u00f3n con \u00e9l despu\u00e9s de que acudiera a un convivi\u00f3 con un grupo de sus [&hellip;]<\/p>\n","protected":false},"author":2476,"featured_media":49475,"comment_status":"open","ping_status":"open","sticky":false,"template":"","format":"standard","meta":{"_jetpack_memberships_contains_paid_content":false,"footnotes":""},"categories":[8],"tags":[],"class_list":["post-49474","post","type-post","status-publish","format-standard","has-post-thumbnail","hentry","category-region"],"jetpack_featured_media_url":"https:\/\/encuentroinformativo.com.mx\/wp-content\/uploads\/2024\/01\/4cc57334-6767-4c2c-bdd8-b20806debab52.jpg","jetpack_sharing_enabled":true,"jetpack_likes_enabled":true,"amp_enabled":true,"_links":{"self":[{"href":"https:\/\/encuentroinformativo.com.mx\/index.php?rest_route=\/wp\/v2\/posts\/49474","targetHints":{"allow":["GET"]}}],"collection":[{"href":"https:\/\/encuentroinformativo.com.mx\/index.php?rest_route=\/wp\/v2\/posts"}],"about":[{"href":"https:\/\/encuentroinformativo.com.mx\/index.php?rest_route=\/wp\/v2\/types\/post"}],"author":[{"embeddable":true,"href":"https:\/\/encuentroinformativo.com.mx\/index.php?rest_route=\/wp\/v2\/users\/2476"}],"replies":[{"embeddable":true,"href":"https:\/\/encuentroinformativo.com.mx\/index.php?rest_route=%2Fwp%2Fv2%2Fcomments&post=49474"}],"version-history":[{"count":1,"href":"https:\/\/encuentroinformativo.com.mx\/index.php?rest_route=\/wp\/v2\/posts\/49474\/revisions"}],"predecessor-version":[{"id":49477,"href":"https:\/\/encuentroinformativo.com.mx\/index.php?rest_route=\/wp\/v2\/posts\/49474\/revisions\/49477"}],"wp:featuredmedia":[{"embeddable":true,"href":"https:\/\/encuentroinformativo.com.mx\/index.php?rest_route=\/wp\/v2\/media\/49475"}],"wp:attachment":[{"href":"https:\/\/encuentroinformativo.com.mx\/index.php?rest_route=%2Fwp%2Fv2%2Fmedia&parent=49474"}],"wp:term":[{"taxonomy":"category","embeddable":true,"href":"https:\/\/encuentroinformativo.com.mx\/index.php?rest_route=%2Fwp%2Fv2%2Fcategories&post=49474"},{"taxonomy":"post_tag","embeddable":true,"href":"https:\/\/encuentroinformativo.com.mx\/index.php?rest_route=%2Fwp%2Fv2%2Ftags&post=49474"}],"curies":[{"name":"wp","href":"https:\/\/api.w.org\/{rel}","templated":true}]}}