{"id":49481,"date":"2024-01-16T15:08:18","date_gmt":"2024-01-16T21:08:18","guid":{"rendered":"https:\/\/encuentroinformativo.com.mx\/?p=49481"},"modified":"2024-01-16T15:08:21","modified_gmt":"2024-01-16T21:08:21","slug":"por-marcha-feministas-cambian-fecha-de-pasarela-rosa","status":"publish","type":"post","link":"https:\/\/encuentroinformativo.com.mx\/?p=49481","title":{"rendered":"Por marcha feministas cambian fecha de Pasarela Rosa"},"content":{"rendered":"\n<p><strong>Alejandro \u00c1vila<\/strong><\/p>\n\n\n\n<p>Veracruz, Ver.- La presidenta de Mujeres Apoyando Mujeres (MAM), Roxana Guizar Rodr\u00edguez, mencion\u00f3 que la quinta edici\u00f3n de la Pasarela Rosa cambi\u00f3 de fecha debido a las marchas feministas.<\/p>\n\n\n\n<p>Originalmente este evento se realizaba el d\u00eda 8 de marzo y para la edici\u00f3n 2024 se cambiar\u00e1 para el 9 de marzo, esto debido a que presuntamente por las marchas feministas los invitados llegaban tarde a la reuni\u00f3n.<\/p>\n\n\n\n<p>&#8220;El evento es el 9 de marzo, en el marco internacional de la mujer, normalmente lo hac\u00edamos el 8 pero estamos cansadas de las manifestaciones, entonces el 9 en este hotel a las 8 de la noche, de verdad que vale la pena, es muy hermoso, es un boleto de cuota de recuperaci\u00f3n de 300 pesos, donde te vamos a entregar en la entrada regalos tu coffee break, y podr\u00e1s ver, se va a transmitir en vivo como siempre, cada a\u00f1o se transmite en vivo (\u2026) normalmente hacemos la pasarela el 8 de marzo por el D\u00eda Internacional de la Mujer y nos tocan todas las manifestaciones, entonces la gente llega tarde, eso es lo que yo digo, por esa situaci\u00f3n, que bueno que se manifiesta la mujer, yo lo digo por el tr\u00e1fico, entonces decidimos hacerlo mejor el 9&#8221;, expres\u00f3.<\/p>\n\n\n\n<p>En dicho evento que se realizar\u00e1 en el hotel Double Tree del municipio de Veracruz, desfilar\u00e1n 20 mujeres en tratamiento de c\u00e1ncer, que modelar\u00e1n vestidos de dise\u00f1ador.<\/p>\n\n\n\n<p>&#8220;\u00bfCu\u00e1l es el objetivo?, crear empat\u00eda, que la gente no las vea como, ay pobrecitas tiene c\u00e1ncer, no tiene cabellito o le falta su mam\u00e1, no, sino que las vea como mujeres que pueden empoderarse y que aunque tenga c\u00e1ncer pueden hacer su vida, su trabajo normal, que los empresarios vean que pueden darles trabajo, que no se est\u00e1 muriendo, que la palabra c\u00e1ncer ya no es muerte&#8221;, culmin\u00f3.<\/p>\n","protected":false},"excerpt":{"rendered":"<p>Alejandro \u00c1vila Veracruz, Ver.- La presidenta de Mujeres Apoyando Mujeres (MAM), Roxana Guizar Rodr\u00edguez, mencion\u00f3 que la quinta edici\u00f3n de la Pasarela Rosa cambi\u00f3 de fecha debido a las marchas feministas. Originalmente este evento se realizaba el d\u00eda 8 de marzo y para la edici\u00f3n 2024 se cambiar\u00e1 para el 9 de marzo, esto debido [&hellip;]<\/p>\n","protected":false},"author":2476,"featured_media":49482,"comment_status":"open","ping_status":"open","sticky":false,"template":"","format":"standard","meta":{"_jetpack_memberships_contains_paid_content":false,"footnotes":""},"categories":[2],"tags":[],"class_list":["post-49481","post","type-post","status-publish","format-standard","has-post-thumbnail","hentry","category-estado"],"jetpack_featured_media_url":"https:\/\/encuentroinformativo.com.mx\/wp-content\/uploads\/2024\/01\/IMG-20240116-WA00832.jpg","jetpack_sharing_enabled":true,"jetpack_likes_enabled":true,"amp_enabled":true,"_links":{"self":[{"href":"https:\/\/encuentroinformativo.com.mx\/index.php?rest_route=\/wp\/v2\/posts\/49481","targetHints":{"allow":["GET"]}}],"collection":[{"href":"https:\/\/encuentroinformativo.com.mx\/index.php?rest_route=\/wp\/v2\/posts"}],"about":[{"href":"https:\/\/encuentroinformativo.com.mx\/index.php?rest_route=\/wp\/v2\/types\/post"}],"author":[{"embeddable":true,"href":"https:\/\/encuentroinformativo.com.mx\/index.php?rest_route=\/wp\/v2\/users\/2476"}],"replies":[{"embeddable":true,"href":"https:\/\/encuentroinformativo.com.mx\/index.php?rest_route=%2Fwp%2Fv2%2Fcomments&post=49481"}],"version-history":[{"count":1,"href":"https:\/\/encuentroinformativo.com.mx\/index.php?rest_route=\/wp\/v2\/posts\/49481\/revisions"}],"predecessor-version":[{"id":49483,"href":"https:\/\/encuentroinformativo.com.mx\/index.php?rest_route=\/wp\/v2\/posts\/49481\/revisions\/49483"}],"wp:featuredmedia":[{"embeddable":true,"href":"https:\/\/encuentroinformativo.com.mx\/index.php?rest_route=\/wp\/v2\/media\/49482"}],"wp:attachment":[{"href":"https:\/\/encuentroinformativo.com.mx\/index.php?rest_route=%2Fwp%2Fv2%2Fmedia&parent=49481"}],"wp:term":[{"taxonomy":"category","embeddable":true,"href":"https:\/\/encuentroinformativo.com.mx\/index.php?rest_route=%2Fwp%2Fv2%2Fcategories&post=49481"},{"taxonomy":"post_tag","embeddable":true,"href":"https:\/\/encuentroinformativo.com.mx\/index.php?rest_route=%2Fwp%2Fv2%2Ftags&post=49481"}],"curies":[{"name":"wp","href":"https:\/\/api.w.org\/{rel}","templated":true}]}}