{"id":49487,"date":"2024-01-16T15:25:08","date_gmt":"2024-01-16T21:25:08","guid":{"rendered":"https:\/\/encuentroinformativo.com.mx\/?p=49487"},"modified":"2024-01-16T15:25:13","modified_gmt":"2024-01-16T21:25:13","slug":"ante-elecciones-fiscalia-no-sera-brazo-ejecutor-hernandez-giadans","status":"publish","type":"post","link":"https:\/\/encuentroinformativo.com.mx\/?p=49487","title":{"rendered":"Ante elecciones, Fiscal\u00eda no ser\u00e1 &#8220;brazo ejecutor&#8221;: Hern\u00e1ndez Giad\u00e1ns"},"content":{"rendered":"\n<p><strong>Dar\u00edo Pale <\/strong><\/p>\n\n\n\n<p>Xalapa, Ver.- Asegura Fiscal que no ser\u00e1n &#8220;brazo ejecutor&#8221; contra adversarios, adem\u00e1s el SEMEFO de Palo Verde dar\u00e1 paz a familias de colectivos, adem\u00e1s de que comparecer\u00e1 el 24 ante diputados, as\u00ed lo se\u00f1al\u00f3 la fiscal general del Estado, Ver\u00f3nica Hern\u00e1ndez Giad\u00e1ns.<\/p>\n\n\n\n<p>En entrevista neg\u00f3 que ahora que se vive un proceso electoral, el organismo aut\u00f3nomo a su cargo vaya a funcionar como &#8220;brazo ejecutor&#8221; para encarcelar a aquellos adversarios pol\u00edticos al partido en el poder.<\/p>\n\n\n\n<p>&#8220;De ninguna manera, nosotros hemos actuado conforme a Derecho. Tengan la certeza de que as\u00ed ser\u00e1 y de que no habr\u00e1 impunidad. Hemos dado muestras de que se aplica la ley tr\u00e1tese de quien se trate&#8221;, se\u00f1al\u00f3.<\/p>\n\n\n\n<p>En otro tema, asegur\u00f3 que con la construcci\u00f3n del Servicio M\u00e9dico Forense (Semefo) que iniciar\u00e1 en el pante\u00f3n Palo Verde, por parte del ayuntamiento de Xalapa; se dar\u00e1 paz y tranquilidad a las familias de los colectivos de b\u00fasqueda de personas desaparecidas.<\/p>\n\n\n\n<p>En entrevista, indic\u00f3 que la donaci\u00f3n del terreno a\u00fan no se concreta por parte del Ayuntamiento, pero no descart\u00f3 que se concrete este a\u00f1o.<\/p>\n\n\n\n<p>Dijo que el Cabildo aprob\u00f3 que se destinara una fracci\u00f3n del pante\u00f3n Palo Verde para construir el Semefo, con recursos propios del Ayuntamiento, as\u00ed como todo lo que se requiera para trabajar las fosas, todo lo que ha sido una exigencia de los colectivos.<\/p>\n\n\n\n<p>La Fiscal agradeci\u00f3 al alcalde Ricardo Ahued porque la Fiscal\u00eda necesita de esa coordinaci\u00f3n con los ayuntamientos para solventar todos los esfuerzos que se requieren y que, para el caso de Xalapa, llevar\u00e1 a un caso exitoso.<\/p>\n\n\n\n<p>&#8220;Y que dar\u00e1 mucha paz a los colectivos de personas desaparecidas. De una u otra manera compartimos con el Alcalde y el Cabildo el proyecto que se requiere y haremos la supervisi\u00f3n necesaria para que todo se vaya cumpliendo&#8221;, coment\u00f3.<\/p>\n\n\n\n<p>Hern\u00e1ndez Giad\u00e1ns no descart\u00f3 que la donaci\u00f3n se concluya este a\u00f1o para que as\u00ed la Fiscal\u00eda pueda hacer el equipamiento.<\/p>\n\n\n\n<p>En otro orden de ideas, luego del enfrentamiento en el Congreso local entre el diputado Miguel Hermida Copado, quien denunci\u00f3 haber recibido amenazas de muerte, por parte de su hom\u00f3logo morenista, Roberto Francisco San Rom\u00e1n Solana, expres\u00f3 que por secrec\u00eda no pod\u00eda revelar detalles.<\/p>\n\n\n\n<p>&#8220;Pero toda denuncia que se presente se atiende conforme a Derecho. Por secrec\u00eda no puedo dar informaci\u00f3n, pero tengan la certeza de que existe el indicio de cualquier delito y la denuncia que se ponga, de quien sea, se atender\u00e1 conforme a Derecho&#8221;, manifest\u00f3.<\/p>\n\n\n\n<p>Asimismo, con relaci\u00f3n a las denuncias interpuestas en contra del regidor Sebasti\u00e1n Cano, dijo que tampoco pod\u00eda dar informaci\u00f3n por la secrec\u00eda del asunto.<\/p>\n\n\n\n<p>Finalmente, la Fiscal indic\u00f3 que su comparecencia ante los diputados locales ser\u00e1 el mi\u00e9rcoles 24 de enero a las 10:00 horas, ah\u00ed dar\u00e1 a conocer los logros de la Fiscal\u00eda en el 2023, as\u00ed como los avances en estos cuatro a\u00f1os que lleva al frente de la instituci\u00f3n.<\/p>\n","protected":false},"excerpt":{"rendered":"<p>Dar\u00edo Pale Xalapa, Ver.- Asegura Fiscal que no ser\u00e1n &#8220;brazo ejecutor&#8221; contra adversarios, adem\u00e1s el SEMEFO de Palo Verde dar\u00e1 paz a familias de colectivos, adem\u00e1s de que comparecer\u00e1 el 24 ante diputados, as\u00ed lo se\u00f1al\u00f3 la fiscal general del Estado, Ver\u00f3nica Hern\u00e1ndez Giad\u00e1ns. En entrevista neg\u00f3 que ahora que se vive un proceso electoral, [&hellip;]<\/p>\n","protected":false},"author":2476,"featured_media":49488,"comment_status":"open","ping_status":"open","sticky":false,"template":"","format":"standard","meta":{"_jetpack_memberships_contains_paid_content":false,"footnotes":""},"categories":[2],"tags":[],"class_list":["post-49487","post","type-post","status-publish","format-standard","has-post-thumbnail","hentry","category-estado"],"jetpack_featured_media_url":"https:\/\/encuentroinformativo.com.mx\/wp-content\/uploads\/2024\/01\/IMG-20240116-WA0081.jpg","jetpack_sharing_enabled":true,"jetpack_likes_enabled":true,"amp_enabled":true,"_links":{"self":[{"href":"https:\/\/encuentroinformativo.com.mx\/index.php?rest_route=\/wp\/v2\/posts\/49487","targetHints":{"allow":["GET"]}}],"collection":[{"href":"https:\/\/encuentroinformativo.com.mx\/index.php?rest_route=\/wp\/v2\/posts"}],"about":[{"href":"https:\/\/encuentroinformativo.com.mx\/index.php?rest_route=\/wp\/v2\/types\/post"}],"author":[{"embeddable":true,"href":"https:\/\/encuentroinformativo.com.mx\/index.php?rest_route=\/wp\/v2\/users\/2476"}],"replies":[{"embeddable":true,"href":"https:\/\/encuentroinformativo.com.mx\/index.php?rest_route=%2Fwp%2Fv2%2Fcomments&post=49487"}],"version-history":[{"count":1,"href":"https:\/\/encuentroinformativo.com.mx\/index.php?rest_route=\/wp\/v2\/posts\/49487\/revisions"}],"predecessor-version":[{"id":49489,"href":"https:\/\/encuentroinformativo.com.mx\/index.php?rest_route=\/wp\/v2\/posts\/49487\/revisions\/49489"}],"wp:featuredmedia":[{"embeddable":true,"href":"https:\/\/encuentroinformativo.com.mx\/index.php?rest_route=\/wp\/v2\/media\/49488"}],"wp:attachment":[{"href":"https:\/\/encuentroinformativo.com.mx\/index.php?rest_route=%2Fwp%2Fv2%2Fmedia&parent=49487"}],"wp:term":[{"taxonomy":"category","embeddable":true,"href":"https:\/\/encuentroinformativo.com.mx\/index.php?rest_route=%2Fwp%2Fv2%2Fcategories&post=49487"},{"taxonomy":"post_tag","embeddable":true,"href":"https:\/\/encuentroinformativo.com.mx\/index.php?rest_route=%2Fwp%2Fv2%2Ftags&post=49487"}],"curies":[{"name":"wp","href":"https:\/\/api.w.org\/{rel}","templated":true}]}}