{"id":49493,"date":"2024-01-16T15:41:36","date_gmt":"2024-01-16T21:41:36","guid":{"rendered":"https:\/\/encuentroinformativo.com.mx\/?p=49493"},"modified":"2024-01-16T15:41:41","modified_gmt":"2024-01-16T21:41:41","slug":"urge-dragado-del-rio-jamapa-alcalde-unanue","status":"publish","type":"post","link":"https:\/\/encuentroinformativo.com.mx\/?p=49493","title":{"rendered":"Urge dragado del r\u00edo Jamapa: Alcalde Unanue"},"content":{"rendered":"\n<p><strong>Alejandro \u00c1vila<\/strong><\/p>\n\n\n\n<p>Boca del R\u00edo, Ver.- El alcalde, Juan Manuel Unanue Abascal, asegur\u00f3 que es urgente se haga el dragado del r\u00edo Jamapa, al tiempo que dijo esta solicitud ya fue hecha a las autoridades pertinentes; tambi\u00e9n reconoci\u00f3 que esta acci\u00f3n se podr\u00eda llevar a cabo una vez que concluyan las obras de desguace del buque Guanajuato.<\/p>\n\n\n\n<p>Precis\u00f3 que las autoridades federales deben realizar el dragado del r\u00edo Jamapa, ya que desde hace 10 a\u00f1os no se realiza esta acci\u00f3n, y esto podr\u00eda provocar inundaciones durante la temporada de lluvias.<\/p>\n\n\n\n<p>\u201cEs un tema que no nos corresponde a nosotros como Ayuntamiento, pero s\u00ed es un tema en donde ya nosotros nos podemos percatar que est\u00e1 totalmente azolvado, cuando tuve la oportunidad de gestionar con el gobernador del estado el desguace del buque Guanajuato que ya est\u00e1 en la \u00faltima etapa, yo le coment\u00e9 que nos apoyara con el dragado de la barra y de esta parte del r\u00edo Jamapa y nos coment\u00f3 que lo ver\u00edamos en su momento\u201d, indic\u00f3.&nbsp;<\/p>\n\n\n\n<p>Remarc\u00f3 que insistir\u00e1 ante el gobierno del estado para que agilicen el dragado de este afluente desde el estero hasta la salida al mar, es decir, la parte que se ubica en la cabecera municipal.&nbsp;<\/p>\n\n\n\n<p>El azolvamiento afecta a las embarcaciones pesqueras y el ingreso de especies del mar, pero tambi\u00e9n genera un taponamiento para el desfogue de las aguas pluviales en temporada de lluvias.&nbsp;<\/p>\n\n\n\n<p>\u201cYa se hizo una playa y en donde antes hab\u00eda 2 a 3 metros de profundidad ya tenemos pr\u00e1cticamente una playa. Se tiene que hacer un trabajo muy particular del puente a la salida del r\u00edo al mar (\u2026) estamos a la espera de que concluyan los trabajos de desguace para ir a tocar la puerta nuevamente e inicien los trabajos de dragado. Tenemos tambi\u00e9n en \u00e9pocas de lluvias un problema porque se va haciendo un tap\u00f3n en la salida del r\u00edo al mar\u201d.&nbsp;<\/p>\n\n\n\n<p>El pasado lunes, pescadores boque\u00f1os externaron la preocupaci\u00f3n por las condiciones en las que se encuentra el r\u00edo Jamapa y el nivel tan bajo que registra.<\/p>\n","protected":false},"excerpt":{"rendered":"<p>Alejandro \u00c1vila Boca del R\u00edo, Ver.- El alcalde, Juan Manuel Unanue Abascal, asegur\u00f3 que es urgente se haga el dragado del r\u00edo Jamapa, al tiempo que dijo esta solicitud ya fue hecha a las autoridades pertinentes; tambi\u00e9n reconoci\u00f3 que esta acci\u00f3n se podr\u00eda llevar a cabo una vez que concluyan las obras de desguace del [&hellip;]<\/p>\n","protected":false},"author":2476,"featured_media":49494,"comment_status":"open","ping_status":"open","sticky":false,"template":"","format":"standard","meta":{"_jetpack_memberships_contains_paid_content":false,"footnotes":""},"categories":[2],"tags":[],"class_list":["post-49493","post","type-post","status-publish","format-standard","has-post-thumbnail","hentry","category-estado"],"jetpack_featured_media_url":"https:\/\/encuentroinformativo.com.mx\/wp-content\/uploads\/2024\/01\/IMG-20240116-WA00842.jpg","jetpack_sharing_enabled":true,"jetpack_likes_enabled":true,"amp_enabled":true,"_links":{"self":[{"href":"https:\/\/encuentroinformativo.com.mx\/index.php?rest_route=\/wp\/v2\/posts\/49493","targetHints":{"allow":["GET"]}}],"collection":[{"href":"https:\/\/encuentroinformativo.com.mx\/index.php?rest_route=\/wp\/v2\/posts"}],"about":[{"href":"https:\/\/encuentroinformativo.com.mx\/index.php?rest_route=\/wp\/v2\/types\/post"}],"author":[{"embeddable":true,"href":"https:\/\/encuentroinformativo.com.mx\/index.php?rest_route=\/wp\/v2\/users\/2476"}],"replies":[{"embeddable":true,"href":"https:\/\/encuentroinformativo.com.mx\/index.php?rest_route=%2Fwp%2Fv2%2Fcomments&post=49493"}],"version-history":[{"count":1,"href":"https:\/\/encuentroinformativo.com.mx\/index.php?rest_route=\/wp\/v2\/posts\/49493\/revisions"}],"predecessor-version":[{"id":49495,"href":"https:\/\/encuentroinformativo.com.mx\/index.php?rest_route=\/wp\/v2\/posts\/49493\/revisions\/49495"}],"wp:featuredmedia":[{"embeddable":true,"href":"https:\/\/encuentroinformativo.com.mx\/index.php?rest_route=\/wp\/v2\/media\/49494"}],"wp:attachment":[{"href":"https:\/\/encuentroinformativo.com.mx\/index.php?rest_route=%2Fwp%2Fv2%2Fmedia&parent=49493"}],"wp:term":[{"taxonomy":"category","embeddable":true,"href":"https:\/\/encuentroinformativo.com.mx\/index.php?rest_route=%2Fwp%2Fv2%2Fcategories&post=49493"},{"taxonomy":"post_tag","embeddable":true,"href":"https:\/\/encuentroinformativo.com.mx\/index.php?rest_route=%2Fwp%2Fv2%2Ftags&post=49493"}],"curies":[{"name":"wp","href":"https:\/\/api.w.org\/{rel}","templated":true}]}}