{"id":49496,"date":"2024-01-16T16:33:16","date_gmt":"2024-01-16T22:33:16","guid":{"rendered":"https:\/\/encuentroinformativo.com.mx\/?p=49496"},"modified":"2024-01-16T16:33:22","modified_gmt":"2024-01-16T22:33:22","slug":"grupo-delincuencial-detras-de-las-protestas-de-taxistas-en-cordoba-acusa-gobernador","status":"publish","type":"post","link":"https:\/\/encuentroinformativo.com.mx\/?p=49496","title":{"rendered":"Grupo delincuencial detr\u00e1s de las protestas de taxistas en C\u00f3rdoba, acusa Gobernador"},"content":{"rendered":"\n<p>Xalapa, Ver.- En C\u00f3rdoba no hay ning\u00fan operativo contra los taxistas, aclar\u00f3 el gobernador Cuitl\u00e1huac Garc\u00eda y agreg\u00f3 que lo que si hay es un operativo de protecci\u00f3n ciudadana y seguridad en contra de una concesionaria de gr\u00faas -operada por un grupo delincuencial- que cometi\u00f3 abusos en diciembre.<\/p>\n\n\n\n<p>&#8220;Que no los enga\u00f1\u00e9n no es un operativo contra los taxis o contra los ciudadanos&#8221;, y agreg\u00f3 que adem\u00e1s se tom\u00f3 la medida de rotar al personal de Transporte P\u00fablico, as\u00ed como de Seguridad P\u00fablica.<\/p>\n\n\n\n<p>Expuso, es de su conocimiento que el grupo delictivo tiene contacto con algunos l\u00edderes taxistas por lo que tiene ahora sospechas de las manifestaciones que este d\u00eda han generado un caos vehicular, pretextando presuntos abusos del personal de&nbsp;Transporte P\u00fablico de la entidad&nbsp;y&nbsp;polic\u00edas estatales.<\/p>\n\n\n\n<p>Se\u00f1al\u00f3 que ya se ha entablado di\u00e1logo con los manifestantes en espera de liberar el tr\u00e1nsito.<\/p>\n\n\n\n<p>&#8220;Que la gente sepa bien que qui\u00e9n est\u00e1 promoviendo (las manifestaciones) es el grupo delictivo que maneja estas gr\u00faas. Vamos a investigar qu\u00e9 lidercillo est\u00e1 haciendo eco a este grupo&#8221;.<\/p>\n","protected":false},"excerpt":{"rendered":"<p>Xalapa, Ver.- En C\u00f3rdoba no hay ning\u00fan operativo contra los taxistas, aclar\u00f3 el gobernador Cuitl\u00e1huac Garc\u00eda y agreg\u00f3 que lo que si hay es un operativo de protecci\u00f3n ciudadana y seguridad en contra de una concesionaria de gr\u00faas -operada por un grupo delincuencial- que cometi\u00f3 abusos en diciembre. &#8220;Que no los enga\u00f1\u00e9n no es un [&hellip;]<\/p>\n","protected":false},"author":2476,"featured_media":49497,"comment_status":"open","ping_status":"open","sticky":false,"template":"","format":"standard","meta":{"_jetpack_memberships_contains_paid_content":false,"footnotes":""},"categories":[2],"tags":[],"class_list":["post-49496","post","type-post","status-publish","format-standard","has-post-thumbnail","hentry","category-estado"],"jetpack_featured_media_url":"https:\/\/encuentroinformativo.com.mx\/wp-content\/uploads\/2024\/01\/IMG-20240116-WA0097.jpg","jetpack_sharing_enabled":true,"jetpack_likes_enabled":true,"amp_enabled":true,"_links":{"self":[{"href":"https:\/\/encuentroinformativo.com.mx\/index.php?rest_route=\/wp\/v2\/posts\/49496","targetHints":{"allow":["GET"]}}],"collection":[{"href":"https:\/\/encuentroinformativo.com.mx\/index.php?rest_route=\/wp\/v2\/posts"}],"about":[{"href":"https:\/\/encuentroinformativo.com.mx\/index.php?rest_route=\/wp\/v2\/types\/post"}],"author":[{"embeddable":true,"href":"https:\/\/encuentroinformativo.com.mx\/index.php?rest_route=\/wp\/v2\/users\/2476"}],"replies":[{"embeddable":true,"href":"https:\/\/encuentroinformativo.com.mx\/index.php?rest_route=%2Fwp%2Fv2%2Fcomments&post=49496"}],"version-history":[{"count":1,"href":"https:\/\/encuentroinformativo.com.mx\/index.php?rest_route=\/wp\/v2\/posts\/49496\/revisions"}],"predecessor-version":[{"id":49498,"href":"https:\/\/encuentroinformativo.com.mx\/index.php?rest_route=\/wp\/v2\/posts\/49496\/revisions\/49498"}],"wp:featuredmedia":[{"embeddable":true,"href":"https:\/\/encuentroinformativo.com.mx\/index.php?rest_route=\/wp\/v2\/media\/49497"}],"wp:attachment":[{"href":"https:\/\/encuentroinformativo.com.mx\/index.php?rest_route=%2Fwp%2Fv2%2Fmedia&parent=49496"}],"wp:term":[{"taxonomy":"category","embeddable":true,"href":"https:\/\/encuentroinformativo.com.mx\/index.php?rest_route=%2Fwp%2Fv2%2Fcategories&post=49496"},{"taxonomy":"post_tag","embeddable":true,"href":"https:\/\/encuentroinformativo.com.mx\/index.php?rest_route=%2Fwp%2Fv2%2Ftags&post=49496"}],"curies":[{"name":"wp","href":"https:\/\/api.w.org\/{rel}","templated":true}]}}