{"id":49499,"date":"2024-01-16T16:43:12","date_gmt":"2024-01-16T22:43:12","guid":{"rendered":"https:\/\/encuentroinformativo.com.mx\/?p=49499"},"modified":"2024-01-16T16:43:16","modified_gmt":"2024-01-16T22:43:16","slug":"denuncia-senador-ante-policia-cibernetica-hackeo-de-su-cuenta-de-facebook","status":"publish","type":"post","link":"https:\/\/encuentroinformativo.com.mx\/?p=49499","title":{"rendered":"Denuncia Senador ante Polic\u00eda Cibern\u00e9tica hackeo de su cuenta de Facebook"},"content":{"rendered":"\n<p><strong>Alejandro \u00c1vila<\/strong><\/p>\n\n\n\n<p>Veracruz, Ver.- El coordinador de los Senadores del PAN, Julen Rementer\u00eda del Puerto, denunci\u00f3 ante la Polic\u00eda Cibern\u00e9tica que su cuenta de <em>Facebook<\/em> fue hackeada la ma\u00f1ana de este martes.<\/p>\n\n\n\n<p>El legislador veracruzano mencion\u00f3 que tambi\u00e9n presentar\u00e1 una denuncia ante la Fiscal\u00eda General de la Rep\u00fablica (FGR) ya que considera que esto es un acto de intimidaci\u00f3n por parte del Gobierno Federal.<\/p>\n\n\n\n<p>&#8220;La desesperaci\u00f3n de Morena va en aumento, saben que van a perder. Mi cuenta de <em>Facebook<\/em> ha sido hackeada porque ah\u00ed expongo la realidad del pa\u00eds&#8221;, fue parte de lo que escribi\u00f3 el veracruzano en su cuenta de X antes Twitter.<\/p>\n\n\n\n<p>Es de mencionar que el Senador veracruzano, Julen Rementer\u00eda del Puerto, ha sido un f\u00e9rreo cr\u00edtico del gobierno de Andr\u00e9s Manuel L\u00f3pez Obrador y Cuitl\u00e1huac Garc\u00eda Jim\u00e9nez; mencionando el despilfarro que sea presentado en la Refiner\u00eda Dos Bocas y el Tren Maya, adem\u00e1s de la falta de obra p\u00fablica en la entidad veracruzana.<\/p>\n","protected":false},"excerpt":{"rendered":"<p>Alejandro \u00c1vila Veracruz, Ver.- El coordinador de los Senadores del PAN, Julen Rementer\u00eda del Puerto, denunci\u00f3 ante la Polic\u00eda Cibern\u00e9tica que su cuenta de Facebook fue hackeada la ma\u00f1ana de este martes. El legislador veracruzano mencion\u00f3 que tambi\u00e9n presentar\u00e1 una denuncia ante la Fiscal\u00eda General de la Rep\u00fablica (FGR) ya que considera que esto es [&hellip;]<\/p>\n","protected":false},"author":2476,"featured_media":49500,"comment_status":"open","ping_status":"open","sticky":false,"template":"","format":"standard","meta":{"_jetpack_memberships_contains_paid_content":false,"footnotes":""},"categories":[12],"tags":[],"class_list":["post-49499","post","type-post","status-publish","format-standard","has-post-thumbnail","hentry","category-nacional"],"jetpack_featured_media_url":"https:\/\/encuentroinformativo.com.mx\/wp-content\/uploads\/2024\/01\/IMG-20240116-WA0112.jpg","jetpack_sharing_enabled":true,"jetpack_likes_enabled":true,"amp_enabled":true,"_links":{"self":[{"href":"https:\/\/encuentroinformativo.com.mx\/index.php?rest_route=\/wp\/v2\/posts\/49499","targetHints":{"allow":["GET"]}}],"collection":[{"href":"https:\/\/encuentroinformativo.com.mx\/index.php?rest_route=\/wp\/v2\/posts"}],"about":[{"href":"https:\/\/encuentroinformativo.com.mx\/index.php?rest_route=\/wp\/v2\/types\/post"}],"author":[{"embeddable":true,"href":"https:\/\/encuentroinformativo.com.mx\/index.php?rest_route=\/wp\/v2\/users\/2476"}],"replies":[{"embeddable":true,"href":"https:\/\/encuentroinformativo.com.mx\/index.php?rest_route=%2Fwp%2Fv2%2Fcomments&post=49499"}],"version-history":[{"count":1,"href":"https:\/\/encuentroinformativo.com.mx\/index.php?rest_route=\/wp\/v2\/posts\/49499\/revisions"}],"predecessor-version":[{"id":49501,"href":"https:\/\/encuentroinformativo.com.mx\/index.php?rest_route=\/wp\/v2\/posts\/49499\/revisions\/49501"}],"wp:featuredmedia":[{"embeddable":true,"href":"https:\/\/encuentroinformativo.com.mx\/index.php?rest_route=\/wp\/v2\/media\/49500"}],"wp:attachment":[{"href":"https:\/\/encuentroinformativo.com.mx\/index.php?rest_route=%2Fwp%2Fv2%2Fmedia&parent=49499"}],"wp:term":[{"taxonomy":"category","embeddable":true,"href":"https:\/\/encuentroinformativo.com.mx\/index.php?rest_route=%2Fwp%2Fv2%2Fcategories&post=49499"},{"taxonomy":"post_tag","embeddable":true,"href":"https:\/\/encuentroinformativo.com.mx\/index.php?rest_route=%2Fwp%2Fv2%2Ftags&post=49499"}],"curies":[{"name":"wp","href":"https:\/\/api.w.org\/{rel}","templated":true}]}}