{"id":49502,"date":"2024-01-16T17:37:47","date_gmt":"2024-01-16T23:37:47","guid":{"rendered":"https:\/\/encuentroinformativo.com.mx\/?p=49502"},"modified":"2024-01-16T17:37:53","modified_gmt":"2024-01-16T23:37:53","slug":"sofia-yunes-se-registra-como-pre-candidata-a-la-diputacion-local","status":"publish","type":"post","link":"https:\/\/encuentroinformativo.com.mx\/?p=49502","title":{"rendered":"Sof\u00eda Yunes, se registra como pre candidata a la diputaci\u00f3n local"},"content":{"rendered":"\n<p><strong>Alejandro \u00c1vila<\/strong><\/p>\n\n\n\n<p>Veracruz, Ver.- La tarde de este martes 16 de enero en la sede de Movimiento Ciudadano Veracruz, Sof\u00eda Yunes Gamboa se registr\u00f3 como precandidata a la diputaci\u00f3n local del Distrito 17 con cabecera en el municipio de Alvarado.<\/p>\n\n\n\n<p>Los municipios se comprenden el municipio el Distrito 17 en este proceso electoral 2024 son: Alvarado, Camar\u00f3n de Tejeda, Atoyac, Carrillo Puerto, Cotaxtla, Cuitl\u00e1huac, Ignacio de la Llave, Paso del Macho, Tlalixcoyan y Soledad de Doblado.<\/p>\n\n\n\n<p>&#8220;Orgullosamente soy originaria de Soledad Doblado, uno de los diez municipios se componen el Distrito de Alvarado. Agradezco la presencia de mis amigas y amigos que me acompa\u00f1an hoy, que han caminado durante este tiempo en este proyecto construy\u00e9ndolo, y quienes se han sumado recientemente, todos ellas son ciudadanas y ciudadanos \u00edntegros incorruptibles, y no tengo la menor duda que cada vez seremos m\u00e1s en este proyecto&#8221;, dijo la tambi\u00e9n influencer.<\/p>\n\n\n\n<p>Seg\u00fan los tiempos que marca el Organismo P\u00fablico Local Electoral (OPLE), la precampa\u00f1a para la diputaci\u00f3n local inicia el pr\u00f3ximo 22 de enero; el inicio de las actividades de pre campa\u00f1a de Sof\u00eda Yunes Gamboa, ser\u00e1 anunciado en pr\u00f3ximos d\u00edas a trav\u00e9s de sus redes sociales oficiales.<\/p>\n\n\n\n<p>Cabe mencionar que, la nacida en Soledad de Doblado, fue una de las candidatas m\u00e1s votadas para el partido Movimiento Ciudadano a nivel nacional; y en esta ocasi\u00f3n, regresa con m\u00e1s experiencia y con una estructura m\u00e1s s\u00f3lida desde su llegada al partido naranja.<\/p>\n","protected":false},"excerpt":{"rendered":"<p>Alejandro \u00c1vila Veracruz, Ver.- La tarde de este martes 16 de enero en la sede de Movimiento Ciudadano Veracruz, Sof\u00eda Yunes Gamboa se registr\u00f3 como precandidata a la diputaci\u00f3n local del Distrito 17 con cabecera en el municipio de Alvarado. Los municipios se comprenden el municipio el Distrito 17 en este proceso electoral 2024 son: [&hellip;]<\/p>\n","protected":false},"author":2476,"featured_media":49503,"comment_status":"open","ping_status":"open","sticky":false,"template":"","format":"standard","meta":{"_jetpack_memberships_contains_paid_content":false,"footnotes":""},"categories":[2],"tags":[],"class_list":["post-49502","post","type-post","status-publish","format-standard","has-post-thumbnail","hentry","category-estado"],"jetpack_featured_media_url":"https:\/\/encuentroinformativo.com.mx\/wp-content\/uploads\/2024\/01\/IMG-20240116-WA01652.jpg","jetpack_sharing_enabled":true,"jetpack_likes_enabled":true,"amp_enabled":true,"_links":{"self":[{"href":"https:\/\/encuentroinformativo.com.mx\/index.php?rest_route=\/wp\/v2\/posts\/49502","targetHints":{"allow":["GET"]}}],"collection":[{"href":"https:\/\/encuentroinformativo.com.mx\/index.php?rest_route=\/wp\/v2\/posts"}],"about":[{"href":"https:\/\/encuentroinformativo.com.mx\/index.php?rest_route=\/wp\/v2\/types\/post"}],"author":[{"embeddable":true,"href":"https:\/\/encuentroinformativo.com.mx\/index.php?rest_route=\/wp\/v2\/users\/2476"}],"replies":[{"embeddable":true,"href":"https:\/\/encuentroinformativo.com.mx\/index.php?rest_route=%2Fwp%2Fv2%2Fcomments&post=49502"}],"version-history":[{"count":1,"href":"https:\/\/encuentroinformativo.com.mx\/index.php?rest_route=\/wp\/v2\/posts\/49502\/revisions"}],"predecessor-version":[{"id":49504,"href":"https:\/\/encuentroinformativo.com.mx\/index.php?rest_route=\/wp\/v2\/posts\/49502\/revisions\/49504"}],"wp:featuredmedia":[{"embeddable":true,"href":"https:\/\/encuentroinformativo.com.mx\/index.php?rest_route=\/wp\/v2\/media\/49503"}],"wp:attachment":[{"href":"https:\/\/encuentroinformativo.com.mx\/index.php?rest_route=%2Fwp%2Fv2%2Fmedia&parent=49502"}],"wp:term":[{"taxonomy":"category","embeddable":true,"href":"https:\/\/encuentroinformativo.com.mx\/index.php?rest_route=%2Fwp%2Fv2%2Fcategories&post=49502"},{"taxonomy":"post_tag","embeddable":true,"href":"https:\/\/encuentroinformativo.com.mx\/index.php?rest_route=%2Fwp%2Fv2%2Ftags&post=49502"}],"curies":[{"name":"wp","href":"https:\/\/api.w.org\/{rel}","templated":true}]}}