{"id":49509,"date":"2024-01-17T10:47:00","date_gmt":"2024-01-17T16:47:00","guid":{"rendered":"https:\/\/encuentroinformativo.com.mx\/?p=49509"},"modified":"2024-01-16T19:54:02","modified_gmt":"2024-01-17T01:54:02","slug":"proponen-cepal-y-fida-redifinir-concepto-de-ruralidad-en-america-latina","status":"publish","type":"post","link":"https:\/\/encuentroinformativo.com.mx\/?p=49509","title":{"rendered":"Proponen CEPAL y FIDA redifinir concepto de ruralidad en Am\u00e9rica Latina"},"content":{"rendered":"\n<p>La Comisi\u00f3n Econ\u00f3mica para Am\u00e9rica Latina y el Caribe (CEPAL) y el Fondo Internacional de Desarrollo Agr\u00edcola (FIDA) proponen una nueva aproximaci\u00f3n al concepto de ruralidad en M\u00e9xico y Am\u00e9rica Latina con el objetivo de focalizar la acci\u00f3n p\u00fablica para reducir las desigualdades y avanzar en la consecuci\u00f3n de los Objetivos de Desarrollo Sostenible.<\/p>\n\n\n\n<p>La nueva ruralidad plantea que es necesario superar la visi\u00f3n tradicional que contrapone las zonas rurales y las urbanas, reconociendo la existencia de distintos grados de ruralidad en los territorios y de una mayor interacci\u00f3n entre ellos.<\/p>\n\n\n\n<p>En un panel de expertos reunidos en la Sede Subregional de la CEPAL en M\u00e9xico, se presentaron las nuevas metodolog\u00edas y herramientas de medici\u00f3n de la ruralidad contenidas en el libro&nbsp;<a href=\"https:\/\/repositorio.cepal.org\/items\/d837bb74-bd64-451f-9bfb-a0e1b156809d\" target=\"_blank\" rel=\"noreferrer noopener\">\u201cNuevas narrativas para una transformaci\u00f3n rural en Am\u00e9rica Latina y el Caribe\u201d,<\/a>&nbsp;elaborado por la CEPAL y financiado por el FIDA.<\/p>\n\n\n\n<p>El Secretario de Agricultura y Desarrollo Rural (SADER), V\u00edctor Villalobos, agradeci\u00f3 a la CEPAL y al FIDA haber tomado la iniciativa para crear las metodolog\u00edas para entender la ruralidad actual y los esfuerzos que han hecho con las autoridades mexicanas para sensibilizarlas sobre la necesidad&nbsp;de cambiar la metodolog\u00eda que por m\u00e1s de 30 a\u00f1os se han utilizado en M\u00e9xico.<\/p>\n\n\n\n<p>El Vicepresidente Adjunto del Departamento de Administraci\u00f3n de Programas del FIDA, Donal Brown, destac\u00f3 los resultados del trabajo conjunto efectuado por FIDA y CEPAL. \u201cLa nueva aproximaci\u00f3n de la ruralidad debe reflejar el car\u00e1cter diverso y din\u00e1mico de los espacios rurales, que est\u00e1n en continua transformaci\u00f3n e interacci\u00f3n con otras \u00e1reas. Adem\u00e1s, sienta las bases para mejorar las condiciones de vida de la poblaci\u00f3n rural\u201d, apunt\u00f3 en el evento.<\/p>\n\n\n\n<p>El Director del Proyecto y Jefe de la Unidad de Desarrollo Econ\u00f3mico de la Sede Subregional de la CEPAL en M\u00e9xico, Ram\u00f3n Padilla, resalt\u00f3 el fuerte componente participativo y de construcci\u00f3n de capacidades. Cada etapa de la iniciativa promovi\u00f3 el di\u00e1logo y la participaci\u00f3n de funcionarios p\u00fablicos y representantes de la academia, con miras a asegurar su relevancia y pertinencia, as\u00ed como la adopci\u00f3n de los resultados, el fortalecimiento de capacidades locales y la sostenibilidad en el largo plazo.<\/p>\n\n\n\n<p>Por su parte, la Directora Regional de la Divisi\u00f3n de Am\u00e9rica Latina y el Caribe del FIDA, Rossana Polastri, se refiri\u00f3 a la importancia de comprender a fondo las narrativas y procesos que conforman lo rural para mejorar la eficacia de las pol\u00edticas y del gasto p\u00fablico.<\/p>\n\n\n\n<p>\u201cEl proyecto busca reemplazar la narrativa dominante -reduccionista y marginadora- de las \u00e1reas rurales como est\u00e1ticas y atrasadas, por otra que reconozca los desaf\u00edos y oportunidades de la nueva ruralidad\u201d, dijo Polastri.<\/p>\n\n\n\n<p>El estudio analiza las limitaciones de las mediciones actuales de la ruralidad en Am\u00e9rica Latina, que hacen en su mayor\u00eda una lectura dual, es decir, s\u00f3lo consideran dos tipos de territorios: urbano o rural. Este enfoque tiende a subestimar la importancia del mundo rural y no reconoce la existencia de una gran diversidad de espacios intermedios, ni las transformaciones demogr\u00e1ficas, econ\u00f3micas y medioambientales experimentadas en las \u00faltimas d\u00e9cadas en las zonas rurales. En M\u00e9xico, cuyo caso fue analizado en el evento, se definen como rurales las localidades con menos de 2,500 habitantes, mientras que aquellas con una poblaci\u00f3n superior a 2,500 se consideran urbanas.<\/p>\n\n\n\n<p>Para M\u00e9xico se proponen nuevos indicadores que podr\u00edan ser utilizados con la informaci\u00f3n oficial existente, y que incorporan distintas variables para caracterizar lo rural, entre ellas, la distancia a centros urbanos, el acceso a bienes y servicios, los tipos de ocupaciones predominantes y el uso del suelo.<\/p>\n\n\n\n<p>Las metodolog\u00edas propuestas permiten superar la visi\u00f3n que contrapone lo rural y lo urbano y ayudar\u00e1n a mejorar el enfoque de la acci\u00f3n p\u00fablica hacia zonas prioritarias, ya que, dentro de los territorios rurales, se pueden identificar los que presentan un mayor nivel de necesidad. Por lo tanto, una redefinici\u00f3n que reconozca la heterogeneidad y riqueza de los espacios rurales abre oportunidades para el dise\u00f1o de pol\u00edticas p\u00fablicas de desarrollo rural que aceleren el cumplimiento de los Objetivos de Desarrollo Sostenible.<\/p>\n\n\n\n<p>El proyecto CEPAL-FIDA apuesta por ver lo rural como una v\u00eda de desarrollo innovadora para los territorios, dejando atr\u00e1s la idea de que la urbanizaci\u00f3n y la industrializaci\u00f3n son los \u00fanicos caminos para alcanzar el desarrollo.<\/p>\n\n\n\n<p>Con la creciente necesidad de afrontar el impacto causado por el cambio clim\u00e1tico, las \u00e1reas rurales, m\u00e1s ricas en recursos naturales, est\u00e1n mejor dotadas para ser una parte fundamental de la soluci\u00f3n a la crisis clim\u00e1tica y, en consecuencia, deben ser puestas en el centro de atenci\u00f3n de las pol\u00edticas.<\/p>\n\n\n\n<p>Participaron en el panel que analiz\u00f3 el estudio los funcionarios mexicanos Paloma Merodio, Vicepresidenta del INEGI; Rodrigo Jim\u00e9nez, Coordinador de Planeaci\u00f3n y Desarrollo del Consejo Nacional de Poblaci\u00f3n; y el especialista en Desarrollo Rural, Julio Berdegu\u00e9.<\/p>\n","protected":false},"excerpt":{"rendered":"<p>La Comisi\u00f3n Econ\u00f3mica para Am\u00e9rica Latina y el Caribe (CEPAL) y el Fondo Internacional de Desarrollo Agr\u00edcola (FIDA) proponen una nueva aproximaci\u00f3n al concepto de ruralidad en M\u00e9xico y Am\u00e9rica Latina con el objetivo de focalizar la acci\u00f3n p\u00fablica para reducir las desigualdades y avanzar en la consecuci\u00f3n de los Objetivos de Desarrollo Sostenible. La [&hellip;]<\/p>\n","protected":false},"author":2476,"featured_media":49510,"comment_status":"open","ping_status":"open","sticky":false,"template":"","format":"standard","meta":{"_jetpack_memberships_contains_paid_content":false,"footnotes":""},"categories":[13],"tags":[],"class_list":["post-49509","post","type-post","status-publish","format-standard","has-post-thumbnail","hentry","category-internacional"],"jetpack_featured_media_url":"https:\/\/encuentroinformativo.com.mx\/wp-content\/uploads\/2024\/01\/Izq-a-Der.-Donal-Brown-Julio-Berdegue\u0301-Rodrigo-Jime\u0301nez-Vi\u0301ctor-Villalobos-Rossana-Polastri-Paloma-Merodio-y-Ramo\u0301n-Padilla.jpeg","jetpack_sharing_enabled":true,"jetpack_likes_enabled":true,"amp_enabled":true,"_links":{"self":[{"href":"https:\/\/encuentroinformativo.com.mx\/index.php?rest_route=\/wp\/v2\/posts\/49509","targetHints":{"allow":["GET"]}}],"collection":[{"href":"https:\/\/encuentroinformativo.com.mx\/index.php?rest_route=\/wp\/v2\/posts"}],"about":[{"href":"https:\/\/encuentroinformativo.com.mx\/index.php?rest_route=\/wp\/v2\/types\/post"}],"author":[{"embeddable":true,"href":"https:\/\/encuentroinformativo.com.mx\/index.php?rest_route=\/wp\/v2\/users\/2476"}],"replies":[{"embeddable":true,"href":"https:\/\/encuentroinformativo.com.mx\/index.php?rest_route=%2Fwp%2Fv2%2Fcomments&post=49509"}],"version-history":[{"count":1,"href":"https:\/\/encuentroinformativo.com.mx\/index.php?rest_route=\/wp\/v2\/posts\/49509\/revisions"}],"predecessor-version":[{"id":49512,"href":"https:\/\/encuentroinformativo.com.mx\/index.php?rest_route=\/wp\/v2\/posts\/49509\/revisions\/49512"}],"wp:featuredmedia":[{"embeddable":true,"href":"https:\/\/encuentroinformativo.com.mx\/index.php?rest_route=\/wp\/v2\/media\/49510"}],"wp:attachment":[{"href":"https:\/\/encuentroinformativo.com.mx\/index.php?rest_route=%2Fwp%2Fv2%2Fmedia&parent=49509"}],"wp:term":[{"taxonomy":"category","embeddable":true,"href":"https:\/\/encuentroinformativo.com.mx\/index.php?rest_route=%2Fwp%2Fv2%2Fcategories&post=49509"},{"taxonomy":"post_tag","embeddable":true,"href":"https:\/\/encuentroinformativo.com.mx\/index.php?rest_route=%2Fwp%2Fv2%2Ftags&post=49509"}],"curies":[{"name":"wp","href":"https:\/\/api.w.org\/{rel}","templated":true}]}}