{"id":49513,"date":"2024-01-16T20:15:35","date_gmt":"2024-01-17T02:15:35","guid":{"rendered":"https:\/\/encuentroinformativo.com.mx\/?p=49513"},"modified":"2024-01-16T20:15:42","modified_gmt":"2024-01-17T02:15:42","slug":"asaltan-joyeria-de-plaza-crystal","status":"publish","type":"post","link":"https:\/\/encuentroinformativo.com.mx\/?p=49513","title":{"rendered":"Asaltan joyer\u00eda de Plaza Crystal"},"content":{"rendered":"\n<p><strong>Juan Arcos <\/strong><\/p>\n\n\n\n<p>Xalapa, Ver.- Una joyer\u00eda de Plaza Crystal fue asaltada por segunda ocasi\u00f3n este martes 16 de enero en la ciudad de Xalapa, la capital de Veracruz.<\/p>\n\n\n\n<p>Los hechos ocurrieron despu\u00e9s de las 13:30 horas frente a las instalaciones del Poder Judicial del Estado de Veracruz, ubicadas sobre la avenida L\u00e1zaro C\u00e1rdenas.<\/p>\n\n\n\n<p>Se trata del negocio \u201cD\u2019 Oro\u201d que fue atracada por dos sujetos que huyeron a bordo de una motocicleta.<\/p>\n\n\n\n<p>De acuerdo con los reportes policiacos, los ladrones ingresaron al establecimiento con armas de fuego y sometieron a los empleado. Uno de los trabajadores result\u00f3 con lesiones por un golpe en la cabeza.<\/p>\n\n\n\n<p>En primera instancia, fueron auxiliados por los trabajadores de los dem\u00e1s negocios que laboran en la mencionada plaza comercial de Xalapa.<\/p>\n\n\n\n<p>El suceso fue reportado al n\u00famero de emergencia 911, por lo que inmediatamente se movilizaron los cuerpos policiacos en dicha zona de la ciudad.<\/p>\n\n\n\n<p>Una hora despu\u00e9s del atraco, fue localizada, con direcci\u00f3n a la colonia Revoluci\u00f3n, la presunta motocicleta que usaron los delincuentes.<\/p>\n\n\n\n<p>El otro asalto se registr\u00f3 el 13 de febrero de 2019 en la misma joyer\u00eda. El hecho fue captado por las c\u00e1maras de videovigilancia del lugar.<\/p>\n\n\n\n<p>En esa ocasi\u00f3n, las im\u00e1genes exhibieron a tres hombres que ingresaron a la joyer\u00eda, saltaron las vitrinas, abrieron las puertas y guardaron las joyas en bolsas.<\/p>\n","protected":false},"excerpt":{"rendered":"<p>Juan Arcos Xalapa, Ver.- Una joyer\u00eda de Plaza Crystal fue asaltada por segunda ocasi\u00f3n este martes 16 de enero en la ciudad de Xalapa, la capital de Veracruz. Los hechos ocurrieron despu\u00e9s de las 13:30 horas frente a las instalaciones del Poder Judicial del Estado de Veracruz, ubicadas sobre la avenida L\u00e1zaro C\u00e1rdenas. Se trata [&hellip;]<\/p>\n","protected":false},"author":2476,"featured_media":49514,"comment_status":"open","ping_status":"open","sticky":false,"template":"","format":"standard","meta":{"_jetpack_memberships_contains_paid_content":false,"footnotes":""},"categories":[14],"tags":[],"class_list":["post-49513","post","type-post","status-publish","format-standard","has-post-thumbnail","hentry","category-policiaca"],"jetpack_featured_media_url":"https:\/\/encuentroinformativo.com.mx\/wp-content\/uploads\/2024\/01\/e12523d2-6b92-4990-9693-c9aa74072a4b.jpg","jetpack_sharing_enabled":true,"jetpack_likes_enabled":true,"amp_enabled":true,"_links":{"self":[{"href":"https:\/\/encuentroinformativo.com.mx\/index.php?rest_route=\/wp\/v2\/posts\/49513","targetHints":{"allow":["GET"]}}],"collection":[{"href":"https:\/\/encuentroinformativo.com.mx\/index.php?rest_route=\/wp\/v2\/posts"}],"about":[{"href":"https:\/\/encuentroinformativo.com.mx\/index.php?rest_route=\/wp\/v2\/types\/post"}],"author":[{"embeddable":true,"href":"https:\/\/encuentroinformativo.com.mx\/index.php?rest_route=\/wp\/v2\/users\/2476"}],"replies":[{"embeddable":true,"href":"https:\/\/encuentroinformativo.com.mx\/index.php?rest_route=%2Fwp%2Fv2%2Fcomments&post=49513"}],"version-history":[{"count":1,"href":"https:\/\/encuentroinformativo.com.mx\/index.php?rest_route=\/wp\/v2\/posts\/49513\/revisions"}],"predecessor-version":[{"id":49515,"href":"https:\/\/encuentroinformativo.com.mx\/index.php?rest_route=\/wp\/v2\/posts\/49513\/revisions\/49515"}],"wp:featuredmedia":[{"embeddable":true,"href":"https:\/\/encuentroinformativo.com.mx\/index.php?rest_route=\/wp\/v2\/media\/49514"}],"wp:attachment":[{"href":"https:\/\/encuentroinformativo.com.mx\/index.php?rest_route=%2Fwp%2Fv2%2Fmedia&parent=49513"}],"wp:term":[{"taxonomy":"category","embeddable":true,"href":"https:\/\/encuentroinformativo.com.mx\/index.php?rest_route=%2Fwp%2Fv2%2Fcategories&post=49513"},{"taxonomy":"post_tag","embeddable":true,"href":"https:\/\/encuentroinformativo.com.mx\/index.php?rest_route=%2Fwp%2Fv2%2Ftags&post=49513"}],"curies":[{"name":"wp","href":"https:\/\/api.w.org\/{rel}","templated":true}]}}