{"id":49537,"date":"2024-01-17T14:44:53","date_gmt":"2024-01-17T20:44:53","guid":{"rendered":"https:\/\/encuentroinformativo.com.mx\/?p=49537"},"modified":"2024-01-17T14:44:59","modified_gmt":"2024-01-17T20:44:59","slug":"reestructuran-al-pvem-de-veracruz","status":"publish","type":"post","link":"https:\/\/encuentroinformativo.com.mx\/?p=49537","title":{"rendered":"Reestructuran al PVEM de Veracruz"},"content":{"rendered":"\n<p><strong>Alejandro \u00c1vila<\/strong><\/p>\n\n\n\n<p>Veracruz, Ver.- El Delegado Federal del PVEM en Veracruz, Fernando Kuri Kuri, dio nuevos nombramientos con la finalidad de reestructurar a este instituto pol\u00edtico de cara al proceso electoral del 2024.<\/p>\n\n\n\n<p>Todos estos movimientos fueron avalados por el presidente estatal del PVEM, Marcelo Ruiz S\u00e1nchez.<\/p>\n\n\n\n<p>En ese sentido, se dio cabida a C\u00e9sar Omar Rojas Adad, quien asumi\u00f3 el rol de Coordinador de Activismo Pol\u00edtico del PVEM en Veracruz, liderando un equipo comprometido con la promoci\u00f3n de la participaci\u00f3n ciudadana y el impulso de las propuestas verdes en la regi\u00f3n.&nbsp;<\/p>\n\n\n\n<p>Adem\u00e1s, se anunciaron otros nombramientos clave como: Carlos Javier Rivera Mata, subcoordinador de Activismo Pol\u00edtico de la Zona Norte; Maricruz Carre\u00f3n Figueroa, subcoordinadora de Activismo Pol\u00edtico de la Zona Centro; Eduardo Sagrero Bejar, subcoordinador de Activismo Pol\u00edtico de la Zona Sur.<\/p>\n\n\n\n<p>En el mismo acto fue designado, Sim\u00f3n Guillermo Hern\u00e1ndez Dom\u00ednguez, como secretario de Asuntos Ind\u00edgenas del Comit\u00e9 Estatal.&nbsp;<\/p>\n\n\n\n<p>Estos cuadros pol\u00edticos trabajar\u00e1n de manera conjunta para fortalecer la presencia del PVEM en cada rinc\u00f3n de Veracruz, consolidando una estructura robusta y preparada para los desaf\u00edos de las elecciones que se llevar\u00e1n a cabo el pr\u00f3ximo 2 de junio.<\/p>\n\n\n\n<p>El Partido Verde Ecologista de M\u00e9xico refuerza as\u00ed su estructura territorial en Veracruz, reafirmando su compromiso con la ciudadan\u00eda y su visi\u00f3n de construir un futuro m\u00e1s sostenible y equitativo.&nbsp;<\/p>\n","protected":false},"excerpt":{"rendered":"<p>Alejandro \u00c1vila Veracruz, Ver.- El Delegado Federal del PVEM en Veracruz, Fernando Kuri Kuri, dio nuevos nombramientos con la finalidad de reestructurar a este instituto pol\u00edtico de cara al proceso electoral del 2024. Todos estos movimientos fueron avalados por el presidente estatal del PVEM, Marcelo Ruiz S\u00e1nchez. En ese sentido, se dio cabida a C\u00e9sar [&hellip;]<\/p>\n","protected":false},"author":2476,"featured_media":49538,"comment_status":"open","ping_status":"open","sticky":false,"template":"","format":"standard","meta":{"_jetpack_memberships_contains_paid_content":false,"footnotes":""},"categories":[2],"tags":[],"class_list":["post-49537","post","type-post","status-publish","format-standard","has-post-thumbnail","hentry","category-estado"],"jetpack_featured_media_url":"https:\/\/encuentroinformativo.com.mx\/wp-content\/uploads\/2024\/01\/IMG-20240117-WA0045.jpg","jetpack_sharing_enabled":true,"jetpack_likes_enabled":true,"amp_enabled":true,"_links":{"self":[{"href":"https:\/\/encuentroinformativo.com.mx\/index.php?rest_route=\/wp\/v2\/posts\/49537","targetHints":{"allow":["GET"]}}],"collection":[{"href":"https:\/\/encuentroinformativo.com.mx\/index.php?rest_route=\/wp\/v2\/posts"}],"about":[{"href":"https:\/\/encuentroinformativo.com.mx\/index.php?rest_route=\/wp\/v2\/types\/post"}],"author":[{"embeddable":true,"href":"https:\/\/encuentroinformativo.com.mx\/index.php?rest_route=\/wp\/v2\/users\/2476"}],"replies":[{"embeddable":true,"href":"https:\/\/encuentroinformativo.com.mx\/index.php?rest_route=%2Fwp%2Fv2%2Fcomments&post=49537"}],"version-history":[{"count":1,"href":"https:\/\/encuentroinformativo.com.mx\/index.php?rest_route=\/wp\/v2\/posts\/49537\/revisions"}],"predecessor-version":[{"id":49539,"href":"https:\/\/encuentroinformativo.com.mx\/index.php?rest_route=\/wp\/v2\/posts\/49537\/revisions\/49539"}],"wp:featuredmedia":[{"embeddable":true,"href":"https:\/\/encuentroinformativo.com.mx\/index.php?rest_route=\/wp\/v2\/media\/49538"}],"wp:attachment":[{"href":"https:\/\/encuentroinformativo.com.mx\/index.php?rest_route=%2Fwp%2Fv2%2Fmedia&parent=49537"}],"wp:term":[{"taxonomy":"category","embeddable":true,"href":"https:\/\/encuentroinformativo.com.mx\/index.php?rest_route=%2Fwp%2Fv2%2Fcategories&post=49537"},{"taxonomy":"post_tag","embeddable":true,"href":"https:\/\/encuentroinformativo.com.mx\/index.php?rest_route=%2Fwp%2Fv2%2Ftags&post=49537"}],"curies":[{"name":"wp","href":"https:\/\/api.w.org\/{rel}","templated":true}]}}