{"id":49543,"date":"2024-01-17T14:58:55","date_gmt":"2024-01-17T20:58:55","guid":{"rendered":"https:\/\/encuentroinformativo.com.mx\/?p=49543"},"modified":"2024-01-17T14:59:00","modified_gmt":"2024-01-17T20:59:00","slug":"niegan-a-madre-presentar-denuncia-por-presunto-abuso-sexual-en-secundaria","status":"publish","type":"post","link":"https:\/\/encuentroinformativo.com.mx\/?p=49543","title":{"rendered":"Niegan a madre presentar denuncia por presunto abuso sexual en secundaria"},"content":{"rendered":"\n<p><strong>Alejandro \u00c1vila<\/strong><\/p>\n\n\n\n<p>Minatitl\u00e1n, Ver.- A la se\u00f1ora, Macaria Cruz, le ha sido negada la presentaci\u00f3n de una denuncia formal ante la Fiscal\u00eda General de Veracruz por el presunto delito de abuso sexual de una menor de edad en una secundaria del municipio de Minatitl\u00e1n.<\/p>\n\n\n\n<p>La menor, de identidad reservada y apenas 12 a\u00f1os de edad, fue v\u00edctima de presunto abuso sexual durante varios meses en la Escuela Secundaria T\u00e9cnica 88 del municipio de Minatitl\u00e1n, la cual se ubica en la colonia Hidalgo.<\/p>\n\n\n\n<p>La madre de la afectada asegur\u00f3 que tanto el director como el personal administrativo conoc\u00edan de la situaci\u00f3n, e ignoraron el abuso sexual y acoso que su hija sufr\u00eda por parte de otro alumno del plantel educativo.<\/p>\n\n\n\n<p>\u201cCuando yo decid\u00ed inscribir a mi hija en esa escuela cre\u00ed que estaba segura, y mientras yo hacia la comida de mi hija para cuando ella llegara de la escuela, ella estaba siendo abusada sexualmente por un compa\u00f1ero\u201d dijo Do\u00f1a Macaria.<\/p>\n\n\n\n<p>La madre relat\u00f3 que su hija le manifest\u00f3 haber sido abusada sexualmente desde hace varios meses y tocada sin su consentimiento por un compa\u00f1ero de la escuela; debido a esta situaci\u00f3n, la joven entr\u00f3 en depresi\u00f3n e intent\u00f3 quitarse la vida en dos ocasiones, una en la escuela y otra en su hogar.<\/p>\n\n\n\n<p>\u201cTodo este tiempo mi hija ha estado sufriendo, todo este a\u00f1o, hubo dos intentos de suicidios, uno en la escuela, gracias a Dios a un compa\u00f1ero pudo evitar que eso sucediera, y en otra ocasi\u00f3n fue en mi casa mientras yo trabaja, mi hija se intento suicidar,\u201d se\u00f1al\u00f3.<\/p>\n\n\n\n<p>La se\u00f1ora, Macaria acus\u00f3 a los directivos del plantel educativo de minimizar la situaci\u00f3n argumentando que eran &#8220;cosas de ni\u00f1os&#8221;, y aunque ella pidi\u00f3 la expulsi\u00f3n del compa\u00f1ero, solo lo cambiaron al turno vespertino.<\/p>\n\n\n\n<p>\u201cEstoy esperando a que me atiendan, porque tambi\u00e9n he venido en varias ocasiones para poner mi denuncia y me dicen que venga despu\u00e9s y que venga despu\u00e9s, entonces ahorita estoy en espera de que sea atendida, tuve que contratar el servicio del abogado para ver si me hacen caso\u201d, declar\u00f3.<\/p>\n\n\n\n<p>Actualmente, la agraviada esta recibiendo atenci\u00f3n psicol\u00f3gica, la adolescente tiene muchas ganas de seguir estudiando y dejar atr\u00e1s todo la mala experiencia de abuso y acoso de la que fue victima.&nbsp;<\/p>\n","protected":false},"excerpt":{"rendered":"<p>Alejandro \u00c1vila Minatitl\u00e1n, Ver.- A la se\u00f1ora, Macaria Cruz, le ha sido negada la presentaci\u00f3n de una denuncia formal ante la Fiscal\u00eda General de Veracruz por el presunto delito de abuso sexual de una menor de edad en una secundaria del municipio de Minatitl\u00e1n. La menor, de identidad reservada y apenas 12 a\u00f1os de edad, [&hellip;]<\/p>\n","protected":false},"author":2476,"featured_media":49544,"comment_status":"open","ping_status":"open","sticky":false,"template":"","format":"standard","meta":{"_jetpack_memberships_contains_paid_content":false,"footnotes":""},"categories":[2],"tags":[],"class_list":["post-49543","post","type-post","status-publish","format-standard","has-post-thumbnail","hentry","category-estado"],"jetpack_featured_media_url":"https:\/\/encuentroinformativo.com.mx\/wp-content\/uploads\/2024\/01\/IMG-20240117-WA0034.jpg","jetpack_sharing_enabled":true,"jetpack_likes_enabled":true,"amp_enabled":true,"_links":{"self":[{"href":"https:\/\/encuentroinformativo.com.mx\/index.php?rest_route=\/wp\/v2\/posts\/49543","targetHints":{"allow":["GET"]}}],"collection":[{"href":"https:\/\/encuentroinformativo.com.mx\/index.php?rest_route=\/wp\/v2\/posts"}],"about":[{"href":"https:\/\/encuentroinformativo.com.mx\/index.php?rest_route=\/wp\/v2\/types\/post"}],"author":[{"embeddable":true,"href":"https:\/\/encuentroinformativo.com.mx\/index.php?rest_route=\/wp\/v2\/users\/2476"}],"replies":[{"embeddable":true,"href":"https:\/\/encuentroinformativo.com.mx\/index.php?rest_route=%2Fwp%2Fv2%2Fcomments&post=49543"}],"version-history":[{"count":1,"href":"https:\/\/encuentroinformativo.com.mx\/index.php?rest_route=\/wp\/v2\/posts\/49543\/revisions"}],"predecessor-version":[{"id":49545,"href":"https:\/\/encuentroinformativo.com.mx\/index.php?rest_route=\/wp\/v2\/posts\/49543\/revisions\/49545"}],"wp:featuredmedia":[{"embeddable":true,"href":"https:\/\/encuentroinformativo.com.mx\/index.php?rest_route=\/wp\/v2\/media\/49544"}],"wp:attachment":[{"href":"https:\/\/encuentroinformativo.com.mx\/index.php?rest_route=%2Fwp%2Fv2%2Fmedia&parent=49543"}],"wp:term":[{"taxonomy":"category","embeddable":true,"href":"https:\/\/encuentroinformativo.com.mx\/index.php?rest_route=%2Fwp%2Fv2%2Fcategories&post=49543"},{"taxonomy":"post_tag","embeddable":true,"href":"https:\/\/encuentroinformativo.com.mx\/index.php?rest_route=%2Fwp%2Fv2%2Ftags&post=49543"}],"curies":[{"name":"wp","href":"https:\/\/api.w.org\/{rel}","templated":true}]}}