{"id":49566,"date":"2024-01-18T13:57:19","date_gmt":"2024-01-18T19:57:19","guid":{"rendered":"https:\/\/encuentroinformativo.com.mx\/?p=49566"},"modified":"2024-01-18T13:57:24","modified_gmt":"2024-01-18T19:57:24","slug":"invitan-a-kermes-a-favor-de-kailani-lucha-contra-el-cancer","status":"publish","type":"post","link":"https:\/\/encuentroinformativo.com.mx\/?p=49566","title":{"rendered":"Invitan a kerm\u00e9s a favor de Kailani; lucha contra el c\u00e1ncer"},"content":{"rendered":"\n<p><strong>Juan Arcos <\/strong><\/p>\n\n\n\n<p>Xalapa, Ver.- La ni\u00f1a de tres a\u00f1os Arianna Kailani Ferto Callejas se debate entre la vida y la muerte por un c\u00e1ncer agresivo conocido como \u201cSarcoma alveolar de tejidos blandos\u201d.<\/p>\n\n\n\n<p>Ella fue diagnosticada en agosto de 2023 y su madre Roc\u00edo del Mar Callejas Ju\u00e1rez est\u00e1 desesperada, pues el tumor maligno suele afectar a los huesos y pulmones muy r\u00e1pido si no se atiende a tiempo.<\/p>\n\n\n\n<p>Kai estuvo en tratamiento en el Centro Estatal de Cancerolog\u00eda (Cecan) \u201cDoctor Miguel Dorantes Mesa\u201d, en la ciudad de Xalapa, la capital de Veracruz, donde le realizaron tres quimioterapias, pero no funcionaron como esperaban.<\/p>\n\n\n\n<p>Los m\u00e9dicos les informaron que el tumor no se redujo y que, al contrario, sigue creciendo r\u00e1pidamente, por lo que decidieron intervenirla nuevamente; sin embargo, desafortunadamente no pudieron extirparle el tumor por completo, ya que es demasiado grande.<\/p>\n\n\n\n<p>\u201cEl tumor sigue creciendo diariamente. En la ciudad de Puebla nos dieron una posibilidad de operarla, nos comentaron que el tumor ya le est\u00e1 cerrando la garganta y las v\u00edas respiratorias a mi Kailani y que es sumamente urgente y necesaria otra intervenci\u00f3n quir\u00fargica, estos nuevos m\u00e9dicos nos alentaron a pron\u00f3sticos favorables, siempre y cuando se realice la operaci\u00f3n a tiempo\u201d, relat\u00f3 la mam\u00e1.<\/p>\n\n\n\n<p>Su familia presenta varias dificultades, sobre todo que la cirug\u00eda debe practicarse en un hospital particular y se requiere pagar un monto de 500 mil pesos por cuatro intervenciones, que consisten en sonda g\u00e1strica, traqueostom\u00eda, cat\u00e9ter puerto y la operaci\u00f3n principal que es la del tumor.<\/p>\n\n\n\n<p>Los m\u00e9dicos consideran de suma importancia realizar la operaci\u00f3n en un lapso no mayor a dos semanas. Por ello, su familia est\u00e1 realizando rifas y boteo para recaudar la cantidad monetaria mencionada.<\/p>\n\n\n\n<p>Por tal motivo, sus familiares har\u00e1n una kerm\u00e9s y bazar el pr\u00f3ximo domingo 21 de enero a partir de las 14:00 horas en el domo del parque de Carrizal, municipio de Apazapan.<\/p>\n\n\n\n<p>Las personas que deseen apoyar a la menor tambi\u00e9n pueden comunicarse al n\u00famero telef\u00f3nico de su madre 279 100 8418 o ingresar a la p\u00e1gina de Facebook \u201cTodos con Kailani\u201d.<\/p>\n\n\n\n<figure class=\"wp-block-image size-large\"><img loading=\"lazy\" decoding=\"async\" width=\"731\" height=\"1024\" src=\"https:\/\/encuentroinformativo.com.mx\/wp-content\/uploads\/2024\/01\/IMG_5804-731x1024.jpg\" alt=\"\" class=\"wp-image-49568\" srcset=\"https:\/\/encuentroinformativo.com.mx\/wp-content\/uploads\/2024\/01\/IMG_5804-731x1024.jpg 731w, https:\/\/encuentroinformativo.com.mx\/wp-content\/uploads\/2024\/01\/IMG_5804-214x300.jpg 214w, https:\/\/encuentroinformativo.com.mx\/wp-content\/uploads\/2024\/01\/IMG_5804-768x1076.jpg 768w, https:\/\/encuentroinformativo.com.mx\/wp-content\/uploads\/2024\/01\/IMG_5804-1097x1536.jpg 1097w, https:\/\/encuentroinformativo.com.mx\/wp-content\/uploads\/2024\/01\/IMG_5804.jpg 1428w\" sizes=\"auto, (max-width: 731px) 100vw, 731px\" \/><\/figure>\n","protected":false},"excerpt":{"rendered":"<p>Juan Arcos Xalapa, Ver.- La ni\u00f1a de tres a\u00f1os Arianna Kailani Ferto Callejas se debate entre la vida y la muerte por un c\u00e1ncer agresivo conocido como \u201cSarcoma alveolar de tejidos blandos\u201d. Ella fue diagnosticada en agosto de 2023 y su madre Roc\u00edo del Mar Callejas Ju\u00e1rez est\u00e1 desesperada, pues el tumor maligno suele afectar [&hellip;]<\/p>\n","protected":false},"author":2476,"featured_media":49567,"comment_status":"open","ping_status":"open","sticky":false,"template":"","format":"standard","meta":{"_jetpack_memberships_contains_paid_content":false,"footnotes":""},"categories":[9],"tags":[],"class_list":["post-49566","post","type-post","status-publish","format-standard","has-post-thumbnail","hentry","category-salud"],"jetpack_featured_media_url":"https:\/\/encuentroinformativo.com.mx\/wp-content\/uploads\/2024\/01\/IMG_5809.jpg","jetpack_sharing_enabled":true,"jetpack_likes_enabled":true,"amp_enabled":true,"_links":{"self":[{"href":"https:\/\/encuentroinformativo.com.mx\/index.php?rest_route=\/wp\/v2\/posts\/49566","targetHints":{"allow":["GET"]}}],"collection":[{"href":"https:\/\/encuentroinformativo.com.mx\/index.php?rest_route=\/wp\/v2\/posts"}],"about":[{"href":"https:\/\/encuentroinformativo.com.mx\/index.php?rest_route=\/wp\/v2\/types\/post"}],"author":[{"embeddable":true,"href":"https:\/\/encuentroinformativo.com.mx\/index.php?rest_route=\/wp\/v2\/users\/2476"}],"replies":[{"embeddable":true,"href":"https:\/\/encuentroinformativo.com.mx\/index.php?rest_route=%2Fwp%2Fv2%2Fcomments&post=49566"}],"version-history":[{"count":1,"href":"https:\/\/encuentroinformativo.com.mx\/index.php?rest_route=\/wp\/v2\/posts\/49566\/revisions"}],"predecessor-version":[{"id":49569,"href":"https:\/\/encuentroinformativo.com.mx\/index.php?rest_route=\/wp\/v2\/posts\/49566\/revisions\/49569"}],"wp:featuredmedia":[{"embeddable":true,"href":"https:\/\/encuentroinformativo.com.mx\/index.php?rest_route=\/wp\/v2\/media\/49567"}],"wp:attachment":[{"href":"https:\/\/encuentroinformativo.com.mx\/index.php?rest_route=%2Fwp%2Fv2%2Fmedia&parent=49566"}],"wp:term":[{"taxonomy":"category","embeddable":true,"href":"https:\/\/encuentroinformativo.com.mx\/index.php?rest_route=%2Fwp%2Fv2%2Fcategories&post=49566"},{"taxonomy":"post_tag","embeddable":true,"href":"https:\/\/encuentroinformativo.com.mx\/index.php?rest_route=%2Fwp%2Fv2%2Ftags&post=49566"}],"curies":[{"name":"wp","href":"https:\/\/api.w.org\/{rel}","templated":true}]}}